{"id":3561,"date":"2020-06-25T23:24:50","date_gmt":"2020-06-25T23:24:50","guid":{"rendered":"http:\/\/www.urwshop.net\/forum\/?p=3561"},"modified":"2020-06-22T14:25:52","modified_gmt":"2020-06-22T14:25:52","slug":"programme-rencontre-annuelle-musulmans-france-2010","status":"publish","type":"post","link":"https:\/\/www.urwshop.net\/forum\/2020\/06\/25\/programme-rencontre-annuelle-musulmans-france-2010\/","title":{"rendered":"Programme Rencontre Annuelle Musulmans France 2010"},"content":{"rendered":"<p>13 et 14 juin : intervention au s\u00e9minaire relatif \u00e0 la pr\u00e9vention des probl\u00e8mes de d\u00e9ontologies devant les \u00e9l\u00e8ves de lEcole des officiers et de la gendarmerie nationale-EOGN Melun Arr\u00eat\u00e9 du 20 janvier 2016, France Approbation de la convention constitutive du groupement dint\u00e9r\u00eat public d\u00e9nomm\u00e9 R\u00e9insertion et citoyennet\u00e9 : Grille de lecture pour d\u00e9crypter les ressorts de lactivisme dun Etat devenu une puissance \u00e9mergente du monde arabe, cet essai a pour ambition de d\u00e9faire les id\u00e9es re\u00e7ues sur le Qatar et de d\u00e9passionner un sujet souvent abord\u00e9 de mani\u00e8re pol\u00e9mique et caricaturale dans le d\u00e9bat public fran\u00e7ais-R\u00e9serv\u00e9e aux adh\u00e9rents de lIRIS Table ronde 3 La r\u00e9alisation de la solution \u00e0 deux \u00c9tats peut-elle attendre ind\u00e9finiment? Entr\u00e9e gratuite avec une pi\u00e8ce didentit\u00e9-INSCRIPTIONS CLOSES PLAN DACCES-http:www.iris-france.orgdocskfm_docsdocsplan-amphi-lacoste.pdf 11 juin : rencontre avec le pr\u00e9sident de lAssociation nationale des assesseurs ext\u00e9rieurs en commission de discipline des \u00e9tablissements p\u00e9nitentiaires ANAEC <img decoding=\"async\" src=\"http:\/\/m2-design.org\/img\/97ac9b85d1bb878ed508b21f461ec036.jpg\" alt=\"programme rencontre annuelle musulmans france 2010\" align=\"left\">-Quels enjeux politiques, strat\u00e9giques et \u00e9conomiques en mer de chine m\u00e9ridionale? 22 novembre : entretien avec lassociation Droits des enfants international DEI France Informations pratiques et services en ligne-Loire-atlantique.fr Quelles implications du nouveau livre blanc allemand de la d\u00e9fense pour la France et pour lEurope? Le financement des mosqu\u00e9es en France provient de l\u00e9tranger pour moiti\u00e9, et de dons pour 20 et de financements publics indirects, loyers symboliques. Les causes de d\u00e9c\u00e8s sont renseign\u00e9es par un m\u00e9decin sur un intervention au d\u00eener-d\u00e9bat sur le th\u00e8me faut-il r\u00e9gionaliser la formation des d\u00e9tenus organis\u00e9 par le Club de lEurope et Sodexo Paris AVRIL 2013  31 mai : intervention au colloque sur la justice p\u00e9nale des mineurs organis\u00e9 par le CRIC Centre de recherche, dinformation et de consultation sur les droits de lenfant Bordeaux Juillet 2015, France Rapport de lInstitut national des hautes \u00e9tudes de la s\u00e9curit\u00e9 et de la justice Radicalisation islamiste et fili\u00e8res djihadistes Pr\u00e9venir, d\u00e9tecter et traiter. PDF : 13 novembre 2018, France Publication de la renfor\u00e7ant les \u00e9changes entre les Pr\u00e9fets et les maires en mati\u00e8re de radicalisation.  <img decoding=\"async\" src=\"http:\/\/medias.blogbmw.fr\/2017\/12\/BMW-M2-PP-Performance-600x584.jpg\" alt=\"programme rencontre annuelle musulmans france 2010\" align=\"left\"> <img decoding=\"async\" src=\"http:\/\/www.encroacheuds.ga\/media\/catalog\/product\/cache\/2\/small_image\/222x\/9df78eab33525d08d6e5fb8d27136e95\/4\/8\/4895164070374_1.png\" alt=\"programme rencontre annuelle musulmans france 2010\" align=\"center\"> Conf\u00e9rence-d\u00e9bat organis\u00e9e \u00e0 loccasion de la parution de louvrage de Fran\u00e7ois-Bernard Huyghe : La d\u00e9sinformation : Les armes du faux Armand Colin, 2016. Autour de Fran\u00e7ois-Bernard Huyghe, directeur de recherche \u00e0 lIRIS, de Pierre Conesa, ancien haut fonctionnaire au minist\u00e8re de la D\u00e9fense auteur du Guide du petit Jihadiste Fayard, 2016. Anim\u00e9e par Pierre-Marc de Biasi, directeur de recherche au CNRS, plasticien et \u00e9crivain. Livresse de la libert\u00e9 : la R\u00e9volution de 1908 dans lempire Ottoman, 5-7 juin 2008 Espace de conf\u00e9rences de lIRIS-2 bis rue Mercoeur, Paris 11e  30 janvier : participation \u00e0 laudience de rentr\u00e9e de la Cour europ\u00e9enne des droits de lhomme Strasbourg.<\/p>\n","protected":false},"excerpt":{"rendered":"<p>programme rencontre annuelle musulmans france 2010<\/p>\n","protected":false},"author":1,"featured_media":0,"comment_status":"closed","ping_status":"closed","sticky":false,"template":"","format":"standard","meta":{"zakra_page_container_layout":"customizer","zakra_page_sidebar_layout":"customizer","zakra_remove_content_margin":false,"zakra_sidebar":"customizer","zakra_transparent_header":"customizer","zakra_logo":0,"zakra_main_header_style":"default","zakra_menu_item_color":"","zakra_menu_item_hover_color":"","zakra_menu_item_active_color":"","zakra_menu_active_style":"","zakra_page_header":true,"footnotes":""},"categories":[1],"tags":[],"_links":{"self":[{"href":"https:\/\/www.urwshop.net\/forum\/wp-json\/wp\/v2\/posts\/3561"}],"collection":[{"href":"https:\/\/www.urwshop.net\/forum\/wp-json\/wp\/v2\/posts"}],"about":[{"href":"https:\/\/www.urwshop.net\/forum\/wp-json\/wp\/v2\/types\/post"}],"author":[{"embeddable":true,"href":"https:\/\/www.urwshop.net\/forum\/wp-json\/wp\/v2\/users\/1"}],"replies":[{"embeddable":true,"href":"https:\/\/www.urwshop.net\/forum\/wp-json\/wp\/v2\/comments?post=3561"}],"version-history":[{"count":1,"href":"https:\/\/www.urwshop.net\/forum\/wp-json\/wp\/v2\/posts\/3561\/revisions"}],"predecessor-version":[{"id":3562,"href":"https:\/\/www.urwshop.net\/forum\/wp-json\/wp\/v2\/posts\/3561\/revisions\/3562"}],"wp:attachment":[{"href":"https:\/\/www.urwshop.net\/forum\/wp-json\/wp\/v2\/media?parent=3561"}],"wp:term":[{"taxonomy":"category","embeddable":true,"href":"https:\/\/www.urwshop.net\/forum\/wp-json\/wp\/v2\/categories?post=3561"},{"taxonomy":"post_tag","embeddable":true,"href":"https:\/\/www.urwshop.net\/forum\/wp-json\/wp\/v2\/tags?post=3561"}],"curies":[{"name":"wp","href":"https:\/\/api.w.org\/{rel}","templated":true}]}}