{"id":3801,"date":"2020-06-26T00:26:44","date_gmt":"2020-06-26T00:26:44","guid":{"rendered":"http:\/\/www.urwshop.net\/forum\/?p=3801"},"modified":"2020-06-22T18:11:54","modified_gmt":"2020-06-22T18:11:54","slug":"rencontre-avec-antoine","status":"publish","type":"post","link":"https:\/\/www.urwshop.net\/forum\/2020\/06\/26\/rencontre-avec-antoine\/","title":{"rendered":"Rencontre Avec Antoine"},"content":{"rendered":"<p> Antoine Volodine. Il mest assez facile, naturel, dapprocher ces personnages mi-humains mi-animaux. Cela vient de lenfance, des contes. Cest net chez Manuela Draeger, mais depuis longtemps cette porosit\u00e9 est pr\u00e9sente chez tous. Les animaux ne sont pourtant pas tous positifs. Les oiseaux peuvent repr\u00e9senter la beaut\u00e9, mais aussi \u00eatre inqui\u00e9tants, voire n\u00e9fastes, comme le sugg\u00e8re le titre de Lutz Bassmann Les aigles puent. Mais, po\u00e9tiquement, il est tr\u00e8s agr\u00e9able de faire appara\u00eetre un oiseau magnifique qui est aussi une femme magnifique. Lecture rencontre avec Antoine Boisseau spectacle Angers-Tour St-Aubin sceno.fr <img decoding=\"async\" src=\"http:\/\/static1.purebreak.com\/articles\/0\/12\/84\/70\/@\/539959-antoine-griezmann-raconte-sa-rencontre-a-300x254-6.jpg\" alt=\"rencontre avec antoine\" align=\"center\"> Je pr\u00e9f\u00e8re les choses naturelles. Cest pourquoi, photographier les familles pendant un moment de vie et non dans un studio photo est plus parlant, cela permet \u00e0 la famille de se souvenir de ces moments pr\u00e9cieux. <img decoding=\"async\" src=\"http:\/\/static.blogs.sudinfo.be\/media\/9\/2540367818.jpg\" alt=\"rencontre avec antoine\" align=\"center\"> Si le mus\u00e9e transforme l\u0153uvre en objet Malraux.. Enfin, lanxi\u00e9t\u00e9 g\u00e9n\u00e9ralis\u00e9e concerne plut\u00f4t la peur de lavenir en g\u00e9n\u00e9ral, de tout ce qui peut arriver dans la vie : probl\u00e8mes de sant\u00e9, dargent, daccident, etc. Ces inqui\u00e9tudes peuvent porter sur soi ou sur les autres, la famille, les proches Il est question d\u00e9v\u00e9nements qui peuvent effectivement se produire dans la vie courante. Cependant les personnes ont tendance \u00e0 ne plus pouvoir relativiser leur risque de survenue ou leur gravit\u00e9. Quels sont les sympt\u00f4mes des troubles anxieux? SLG : Ce qui ne nous tue pas implique un pacte que le lecteur doit accepter. Il doit consentir \u00e0 la vraisemblance de la situation initiale : ladolescente fugueuse monte chez la vieille Simone par hasard et y reste. <img decoding=\"async\" src=\"http:\/\/antoinemoreau.org\/fichiers\/_jour_74055_QG-artistes.jpg\" alt=\"rencontre avec antoine\" align=\"left\"> dadapter la pr\u00e9sentation de notre site aux pr\u00e9f\u00e9rences daffichage de votre terminal langue, r\u00e9solution daffichage, syst\u00e8me dexploitation, etc,  Dans ce contexte, la r\u00e9activit\u00e9 de l\u00c9tat a \u00e9t\u00e9 essentielle et on peut encore saluer le message fort du minist\u00e8re de la Culture et du CNC qui ont rapidement annonc\u00e9 le principe dun maintien des soutiens aux festivals annul\u00e9s et report\u00e9s. Si de nombreuses collectivit\u00e9s territoriales semblent daccord avec le principe daccompagnement de ces manifestations, plusieurs retours nous laissent logiquement craindre que la crise sanitaire ne perturbe les possibilit\u00e9s de r\u00e9unions et de d\u00e9lib\u00e9rations des \u00e9lus. Cest particuli\u00e8rement vrai pour la plupart des municipalit\u00e9s qui navaient pas encore vot\u00e9 leur budget 2020 et se trouvent confront\u00e9es \u00e0 un cas de figure in\u00e9dit : un entre-deux tours d\u00e9lections durable. Cette situation perturbe par ricochet l\u00e9chelon des communaut\u00e9s de communes, agglom\u00e9rations et m\u00e9tropoles avec un calendrier des arbitrages et notifications aujourdhui plus incertain que jamais. Au-del\u00e0 de ce cadre conjoncturel, nous serons bien s\u00fbr attentifs \u00e0 des possibles plans durgence pour le secteur culturel. Antoine Balzeau est chercheur au CNRS et travaille dans lunit\u00e9 Histoire naturelle de lHomme pr\u00e9historique au Mus\u00e9um national dHistoire naturelle \u00e0 Paris. Il est \u00e9galement collaborateur scientifique au Mus\u00e9e Royal de lAfrique Centrale, Tervuren, en Belgique. Par ALEXANDRA BANDET, publi\u00e9 le vendredi 15 f\u00e9vrier 2019 14:52-Mis \u00e0 jour le vendredi 15 f\u00e9vrier 2019 14:53 Un succ\u00e8s non d\u00e9menti depuis 36 ans : 19 800 visiteurs en 2019 sur les deux foires! D\u00e8s 2014, je me suis impliqu\u00e9 dans lassociation JurisClub, puis en 2015, \u00e0 la f\u00e9d\u00e9ration nationale des Associations Repr\u00e9sentatives des Etudiants en sciences Sociales ARES, et ensuite, de 2016 \u00e0 2019, \u00e0 la F\u00e9d\u00e9ration des Etudiants de Valenciennes FEV. A la FEV, j\u00e9tais notamment en charge des affaires acad\u00e9miques et du suivi des \u00e9lus dans les conseils, les conseils cest ma tasse de th\u00e9! Enfin chez Happydemics tu as aussi une tr\u00e8s bonne ambiance de travail, \u00e7a booste bien la motivation. On s\u00e9clate au quotidien dans nos projets! Quel conseil carri\u00e8re donnerais-tu aux \u00e9tudiants et jeunes dipl\u00f4m\u00e9s? AD : Jappr\u00e9cie effectivement beaucoup les s\u00e9ries, comme Six Feet Under 8 S\u00e9rie am\u00e9ricaine cr\u00e9\u00e9e par Alan Ball, produite entre 2001 et 2005. Qui ma inspir\u00e9 la fa\u00e7on dont les voix sentrem\u00ealent \u00e0 chaque fois. Cela a m\u00eame \u00e9t\u00e9 lamorce du travail sur K-Cendres, que je voulais presque comme une pi\u00e8ce de th\u00e9\u00e2tre, avec cette sc\u00e8ne sur laquelle on la met pour quelle d\u00e9clame ses proph\u00e9ties.  Jai un r\u00e9el attrait pour lhumain : mes aspirations se dirigent naturellement vers le management de projet et d\u00e9quipe. Mon ambition est darriver l\u00e0 dans les ann\u00e9es \u00e0 venir, et mon r\u00f4le de RSI me permet davoir une premi\u00e8re exp\u00e9rience concr\u00e8te pour atteindre cet objectif. Les Puces Ligneronnaises sont une grande brocante qui a lieu chaque \u00e9t\u00e9 \u00e0 St Christophe du Ligneron \u00e0 9km de Challans. Cest une des plus grandes brocantes du Grand Ouest, la plus grande brocante \u00e0 ciel ouvert de VENDEE. Vous pourrez aussi y d\u00e9couvrir un espace arts et terroir.<\/p>\n","protected":false},"excerpt":{"rendered":"<p>rencontre avec antoine<\/p>\n","protected":false},"author":1,"featured_media":0,"comment_status":"closed","ping_status":"closed","sticky":false,"template":"","format":"standard","meta":{"zakra_page_container_layout":"customizer","zakra_page_sidebar_layout":"customizer","zakra_remove_content_margin":false,"zakra_sidebar":"customizer","zakra_transparent_header":"customizer","zakra_logo":0,"zakra_main_header_style":"default","zakra_menu_item_color":"","zakra_menu_item_hover_color":"","zakra_menu_item_active_color":"","zakra_menu_active_style":"","zakra_page_header":true,"footnotes":""},"categories":[1],"tags":[],"_links":{"self":[{"href":"https:\/\/www.urwshop.net\/forum\/wp-json\/wp\/v2\/posts\/3801"}],"collection":[{"href":"https:\/\/www.urwshop.net\/forum\/wp-json\/wp\/v2\/posts"}],"about":[{"href":"https:\/\/www.urwshop.net\/forum\/wp-json\/wp\/v2\/types\/post"}],"author":[{"embeddable":true,"href":"https:\/\/www.urwshop.net\/forum\/wp-json\/wp\/v2\/users\/1"}],"replies":[{"embeddable":true,"href":"https:\/\/www.urwshop.net\/forum\/wp-json\/wp\/v2\/comments?post=3801"}],"version-history":[{"count":1,"href":"https:\/\/www.urwshop.net\/forum\/wp-json\/wp\/v2\/posts\/3801\/revisions"}],"predecessor-version":[{"id":3802,"href":"https:\/\/www.urwshop.net\/forum\/wp-json\/wp\/v2\/posts\/3801\/revisions\/3802"}],"wp:attachment":[{"href":"https:\/\/www.urwshop.net\/forum\/wp-json\/wp\/v2\/media?parent=3801"}],"wp:term":[{"taxonomy":"category","embeddable":true,"href":"https:\/\/www.urwshop.net\/forum\/wp-json\/wp\/v2\/categories?post=3801"},{"taxonomy":"post_tag","embeddable":true,"href":"https:\/\/www.urwshop.net\/forum\/wp-json\/wp\/v2\/tags?post=3801"}],"curies":[{"name":"wp","href":"https:\/\/api.w.org\/{rel}","templated":true}]}}