{"id":3869,"date":"2020-06-26T20:22:23","date_gmt":"2020-06-26T20:22:23","guid":{"rendered":"http:\/\/www.urwshop.net\/forum\/?p=3869"},"modified":"2020-06-22T19:10:15","modified_gmt":"2020-06-22T19:10:15","slug":"rencontre-internationale-jules-verne","status":"publish","type":"post","link":"https:\/\/www.urwshop.net\/forum\/2020\/06\/26\/rencontre-internationale-jules-verne\/","title":{"rendered":"Rencontre Internationale Jules Verne"},"content":{"rendered":"<p>Le rayon vert est un qui a \u00e9t\u00e9 rendu c\u00e9l\u00e8bre dans un roman de au titre \u00e9ponyme. Publi\u00e9 en 1882, ce r\u00e9cit relate les p\u00e9r\u00e9grinations dun couple parti en Ecosse pour tenter dobserver ce curieux ph\u00e9nom\u00e8ne. De quoi sagit-il? R\u00e9ponse avec cette vid\u00e9o : Voici la liste des lieux o\u00f9 sortir : les bonnes adresses de notre agenda sorties. Balises HTML autoris\u00e9es : a href hreflang em strong cite blockquote cite code ul type ol start type li dl dt dd h2 id h3 id h4 id h5 id h6 id Le contenu de cette page n\u00e9cessite une version plus r\u00e9cente <img decoding=\"async\" src=\"http:\/\/images.noosfere.org\/couv\/r\/revueverne03-1997.jpg\" alt=\"rencontre internationale jules verne\" align=\"center\"> Camille JEANTOU, animatrice de d\u00e9bat-Lyc\u00e9e des Mascareignes, Saint-Pierre, Maurice Vendredi 6 mars, 37 lyc\u00e9ens de terminale S du Lyc\u00e9e Jules Verne ont \u00e9t\u00e9 accueillis par le laboratoire Subatech situ\u00e9 \u00e0 lIMT Atlantique Ecole ding\u00e9nieur n\u00e9e le 1er janvier 2017 de la fusion de l\u00c9cole des Mines de Nantes et de T\u00e9l\u00e9com Bretagne. Ces apprentis.. Une promenade sur les dunes de Sainte Marguerite vous permettrons <img decoding=\"async\" src=\"http:\/\/cache.media.education.gouv.fr\/image\/erasmus\/75\/1\/logo-erasmus+_429751.png\" alt=\"rencontre internationale jules verne\" align=\"right\"> <img decoding=\"async\" src=\"http:\/\/media.meltyfashion.fr\/article-950947-ajust_440\/comment-trouvez-vous-le-style-d-ayem-et-nabilla.jpg\" alt=\"rencontre internationale jules verne\" align=\"right\">  Le sous-pr\u00e9fet J-M. Bassaget en visite au centre plage Apr\u00e8s deux ans de travail, la premi\u00e8re phase du projet ProForElec va \u00eatre cofinanc\u00e9e! Ce projet sinscrit dans le cadre de. J-P. D. Hetzel est un \u00e9diteur exigeant, comme en t\u00e9moigne la lettre par laquelle il refuse le deuxi\u00e8me manuscrit de Verne, Paris au XXe si\u00e8cle. Je m\u00e9tonne que vous ayez fait dentrain et comme pouss\u00e9 par un dieu une chose si p\u00e9nible, si peu vivante, lui \u00e9crit-il. Ce manuscrit, exhum\u00e9 par larri\u00e8re-petit-fils de Jules Verne, ne sera publi\u00e9 quen 1994. Par la suite, Hetzel nh\u00e9sitera pas \u00e0 intervenir sur le contenu des plus grands chefs-d?uvre de Verne. Il voulait, par exemple, introduire une sorte de Gavroche pour guider les derniers pas de Michel Strogoff, devenu aveugle. Verne a refus\u00e9. Mais surtout, un d\u00e9bat assez vif les a oppos\u00e9s \u00e0 propos de la personnalit\u00e9 du capitaine Nemo, lun des h\u00e9ros embl\u00e9matiques des Voyages extraordinaires. Hetzel avait du mal \u00e0 accepter la dimension anonyme et nihiliste de ce personnage qui coulait des navires sans raison et semblait ha\u00efr lhumanit\u00e9. C\u00e9tait une sorte de Ben Laden! Il sugg\u00e8re den faire un antiesclavagiste qui se vengerait des Anglais. Verne refuse et finalement les deux hommes d\u00e9cident de ne pas justifier les actes de Nemo, ce qui lui conf\u00e9rera cette dimension si particuli\u00e8re. Il faudra attendre la fin de L\u00eele myst\u00e9rieuse pour apprendre que le capitaine Nemo est en r\u00e9alit\u00e9 un ancien maharadjah d\u00e9cid\u00e9 \u00e0 se venger des Anglais. Mais, comme on la d\u00e9couvert r\u00e9cemment en \u00e9tudiant le manuscrit, Hetzel a tout de m\u00eame r\u00e9ussi \u00e0 apposer sa patte sur Nemo: dans la version originale de Verne, le dernier mot du capitaine \u00e9tait Ind\u00e9pendance!; l\u00e9diteur la ray\u00e9 et remplac\u00e9 par Dieu et patrie. Ce qui, vous en conviendrez, nest pas tout \u00e0 fait la m\u00eame chose.. Obligatoire dans les transports en commun d\u00e8s 11 ans, fortement recommand\u00e9 pour sortir de chez soi : le port du masque accompagne le d\u00e9confinement. Mais encore faut-il savoir bien le positionner. Permettez-moi de vous pr\u00e9senter mon ennemi intime Michel Strogoff   \u00c0 limage ce qui a \u00e9t\u00e9 fait dans le cadre de la fusion entre La Mouette et LEsp\u00e9rance, le pr\u00e9sident est convaincu que les clubs du Pays Gu\u00e9randais ont beaucoup de choses \u00e0 sapporter. En mutualisant les moyens techniques, mat\u00e9riels et humains, avec le soutien des collectivit\u00e9s, ce projet pourrait ouvrir de belles perspectives. M\u00eame si nous faisons beaucoup defforts, t\u00f4t ou tard, nous serons confront\u00e9s au manque de jeunesse, argumente encore celui qui pr\u00e9side lEMBC depuis 4 ans. La suite de la journ\u00e9e : repas pris en commun au lyc\u00e9e Jules Verne et concert du groupe de Ska caennais, Positive Radical Sound, avec en premi\u00e8re partie, quelques morceaux de rock interpr\u00e9t\u00e9s par les membres du club musique du lyc\u00e9e. N\u00e9 \u00e0 Nantes le 8 f\u00e9vrier 1828, Jules Verne arrive \u00e0 Paris pour terminer ses \u00e9tudes de droit en juillet 1848. Il se passionne pour le th\u00e9\u00e2tre et, avec laide dAlexandre Dumas fils, voit sa premi\u00e8re pi\u00e8ce repr\u00e9sent\u00e9e \u00e0 vingt-deux ans. Il \u00e9crit \u00e0 son p\u00e8re quil ne prendra pas la succession de son cabinet davou\u00e9, \u00e9tant moins question que jamais dabandonner la litt\u00e9rature ; cest un art avec lequel je me suis identifi\u00e9, et que je nabandonnerai jamais. .<\/p>\n","protected":false},"excerpt":{"rendered":"<p>rencontre internationale jules verne<\/p>\n","protected":false},"author":1,"featured_media":0,"comment_status":"closed","ping_status":"closed","sticky":false,"template":"","format":"standard","meta":{"zakra_page_container_layout":"customizer","zakra_page_sidebar_layout":"customizer","zakra_remove_content_margin":false,"zakra_sidebar":"customizer","zakra_transparent_header":"customizer","zakra_logo":0,"zakra_main_header_style":"default","zakra_menu_item_color":"","zakra_menu_item_hover_color":"","zakra_menu_item_active_color":"","zakra_menu_active_style":"","zakra_page_header":true,"footnotes":""},"categories":[1],"tags":[],"_links":{"self":[{"href":"https:\/\/www.urwshop.net\/forum\/wp-json\/wp\/v2\/posts\/3869"}],"collection":[{"href":"https:\/\/www.urwshop.net\/forum\/wp-json\/wp\/v2\/posts"}],"about":[{"href":"https:\/\/www.urwshop.net\/forum\/wp-json\/wp\/v2\/types\/post"}],"author":[{"embeddable":true,"href":"https:\/\/www.urwshop.net\/forum\/wp-json\/wp\/v2\/users\/1"}],"replies":[{"embeddable":true,"href":"https:\/\/www.urwshop.net\/forum\/wp-json\/wp\/v2\/comments?post=3869"}],"version-history":[{"count":1,"href":"https:\/\/www.urwshop.net\/forum\/wp-json\/wp\/v2\/posts\/3869\/revisions"}],"predecessor-version":[{"id":3870,"href":"https:\/\/www.urwshop.net\/forum\/wp-json\/wp\/v2\/posts\/3869\/revisions\/3870"}],"wp:attachment":[{"href":"https:\/\/www.urwshop.net\/forum\/wp-json\/wp\/v2\/media?parent=3869"}],"wp:term":[{"taxonomy":"category","embeddable":true,"href":"https:\/\/www.urwshop.net\/forum\/wp-json\/wp\/v2\/categories?post=3869"},{"taxonomy":"post_tag","embeddable":true,"href":"https:\/\/www.urwshop.net\/forum\/wp-json\/wp\/v2\/tags?post=3869"}],"curies":[{"name":"wp","href":"https:\/\/api.w.org\/{rel}","templated":true}]}}