{"id":4035,"date":"2020-06-26T01:13:53","date_gmt":"2020-06-26T01:13:53","guid":{"rendered":"http:\/\/www.urwshop.net\/forum\/?p=4035"},"modified":"2020-06-22T20:59:59","modified_gmt":"2020-06-22T20:59:59","slug":"rencontre-du-pape-francois-avec-les-journalistes","status":"publish","type":"post","link":"https:\/\/www.urwshop.net\/forum\/2020\/06\/26\/rencontre-du-pape-francois-avec-les-journalistes\/","title":{"rendered":"Rencontre Du Pape Fran\u00e7ois Avec Les Journalistes"},"content":{"rendered":"<p>V\u00e9ronique Buisson, propri\u00e9taire de La Philanthrope \u00e0 Shawinigan, avait d\u00e9j\u00e0 entam\u00e9 une r\u00e9flexion sur lorganisation de ces activit\u00e9s. Celle qui a r\u00e9orient\u00e9 sa pratique en coaching dentreprise et en programmation neuro-linguistique estime quun facteur important avait pr\u00e9c\u00e9d\u00e9 la crise sanitaire. <img decoding=\"async\" src=\"http:\/\/www.20min.ch\/diashow\/68247\/68247-wwLqBWeXfJQYRgC_hf6MzA.jpg\" alt=\"rencontre du pape fran\u00e7ois avec les journalistes\" align=\"center\"> Les \u00c9tats-Unis sont le pays le plus touch\u00e9. Le cap des 2 millions de personnes infect\u00e9es a \u00e9t\u00e9 franchi et le pays continue \u00e0 enregistrer autour de 20 000 nouveaux cas chaque jour. Les p\u00e8lerins du monde entier convergent vers Panama City apr\u00e8s v\u00e9cu des temps en dioc\u00e8se dans des paroisses panam\u00e9ennes. Il faut dire que le Pape Fran\u00e7ois arrivera ce mercredi 23 janvier \u00e0 Panama. A travers deux visions distinctes, nous en avons appris un peu plus sur ce Pape qui soul\u00e8ve tant de questions. A la question o\u00f9 veut-il arriver, les auteurs ont r\u00e9pondu que ce dernier veut \u00e0 la fois rendre une forme dautonomie \u00e0 ses fid\u00e8les, tout en gardant des valeurs primordiales. Cette autonomie doit porter \u00e0 une propre r\u00e9flexion et non pas suivre simplement une parole et un chemin. Il est question dun Pape plus progressiste, plus novateur. Un Pape qui se rend disponible pour les pr\u00eatres : Jean-Louis de la Vaissi\u00e8re a confi\u00e9 que ce dernier gardait en permanence son t\u00e9l\u00e9phone allum\u00e9 pour r\u00e9pondre aux pr\u00eatres dans le besoin. Un Pape qui les encourage m\u00eame si il sait se montrer critique envers eux. Il na en effet, pas h\u00e9sit\u00e9 \u00e0 dire \u00e0 des s\u00e9minaristes africains : Soyez certain de vouloir \u00eatre pr\u00eatre car une fois ce choix fait, la voie du mariage vous sera barr\u00e9e. Si vous n\u00eates pas pr\u00eat, mieux vaut vous marier que de vivre une double vie. Cest l\u00e0 limage dun Pape qui, comme un p\u00e8re, encourage et en m\u00eame temps essaye de mani\u00e8re constructive de garder un oeil critique. Le probl\u00e8me nest pas une crise de la vocation selon lui, il sagit de toucher le plus de personnes possible et atteindre des gens qui pourraient davantage se reconna\u00eetre dans le message de lEglise. Mois de Marie, Jour 15 : Les Myst\u00e8res Douloureux La mort de J\u00e9sus sur la croix   Novembre est le mois de la photo \u00e0 Paris, et cest loccasion daller voir des expositions de photographies, nombreuses dans les institutions et les galeries. \u00c0 ne pas manquer : la splendide r\u00e9trospective au Grand Palais dIrving Penn 1917-2009, lun des plus grands photographes am\u00e9ricains.  Publi\u00e9 le 28 septembre 2018 par Hubert de Beaufort Le pr\u00e9sident Trump a d\u00e9j\u00e0 signifi\u00e9 son opposition \u00e0 linitiative. Le troisi\u00e8me frondeur sappelle Ludwig M\u00fcller. Ce cardinal allemand a, lui aussi, d\u00e9fi\u00e9 le pape \u00e0 plusieurs reprises alors que, v\u00e9ritable num\u00e9ro 3 du Vatican, il pr\u00e9sidait limportante, lancienne Inquisition. Apr\u00e8s plusieurs tensions et rappels \u00e0 lordre, le pape ne la pas reconduit \u00e0 son poste une rare mise \u00e0 la retraite anticip\u00e9e. Lorsque je lai rencontr\u00e9 au Vatican, \u00e0 deux reprises, pour mon livre, M\u00fcller ma dit \u00eatre dune fid\u00e9lit\u00e9 in\u00e9branlable au pape alors quil le critiquait syst\u00e9matiquement en menant contre lui une v\u00e9ritable gu\u00e9rilla id\u00e9ologique. Il a, lui aussi, rejoint la longue liste des Judas, redoublant ses attaques contre Fran\u00e7ois depuis quil a \u00e9t\u00e9 d\u00e9missionn\u00e9. Fran\u00e7ois Hollande, grand d\u00e9fenseur dune la\u00efcit\u00e9 rigoureuse, devrait \u00e9voquer avec Fran\u00e7ois la r\u00e9solution des crises internationales. Le pape devrait linterroger sur certaines \u00e9volutions de la soci\u00e9t\u00e9 fran\u00e7aise, notamment sur leuthanasie et la fin de vie, que lEglise et une majorit\u00e9 de catholiques fran\u00e7ais critiquent. Marco Tosatti affirme avoir aid\u00e9 larchev\u00eaque Carlo Maria Vigano \u00e0 \u00e9crire, r\u00e9\u00e9crire et \u00e9diter son t\u00e9moignage de 11 pages, expliquant que les deux hommes \u00e9taient assis c\u00f4te \u00e0 c\u00f4te \u00e0 une table en bois dans le salon de M. Tosatti le 22 ao\u00fbt. Les r\u00e9alit\u00e9s 2017. Le ministre des Affaires \u00e9trang\u00e8res fran\u00e7ais, Le Drian a jug\u00e9 la situation entre les Etats Unis et la Cor\u00e9e du Nord tr\u00e8s grave. SAN FRANCISCO Amazon a d\u00e9cid\u00e9 dinterdire \u00e0 la police dutiliser son logiciel de reconnaissance faciale Rekognition pendant un an, dans un contexte de pression des associations de d\u00e9fense des libert\u00e9s et de manifestations contre les violences polici\u00e8res et le racisme aux \u00c9tats-Unis. 50 ans apr\u00e8s Mai 68, que reste-t-il de ce mouvement? Quel impact sur notre soci\u00e9t\u00e9 daujourdhui? Quelles cons\u00e9quences pour lEglise? Retrouvez toutes les \u00e9missions de Radio Notre Dame. Quand les deux hommes se sont serr\u00e9 la main, ils semblaient tous deux graves, peu \u00e0 laise, m\u00eame si M. Hollande, apparemment impressionn\u00e9, a esquiss\u00e9 un sourire. Saint-P\u00e8re, je suis tr\u00e8s heureux detre accueilli ici, a dit M. Hollande en serrant la main du pape dans la salle du Tronetto. Dailleurs, a r\u00e9p\u00e9t\u00e9 vendredi le conseiller \u00e9conomique Larry Kudlow, sur Fox News : Il ny a pas durgence. Il ny a pas de deuxi\u00e8me vague. Il faut \u00eatre l\u00e0 bien en avance pour passer le seuil et entrer dans la salle daudience. La course, ordinateur \u00e0 l\u00e9paule, accr\u00e9ditation au cou qui flotte dans le vent frais. Je vais chez le pape aujourdhui. <img decoding=\"async\" src=\"http:\/\/www.cathobel.be\/wp-content\/uploads\/2018\/08\/silhouette-1082129_960_720-500x281.jpg\" alt=\"rencontre du pape fran\u00e7ois avec les journalistes\" align=\"left\"> Entre r\u00eave dimmortalit\u00e9 et culte de la jeunesse, aujourdhui la mort ne semble plus faire partie de la vie. L\u00e9clipse de la mort, cest le titre et le sujet du livre du philosophe Robert Redeker, le Grand T\u00e9moin de ce 2 novembre. <img decoding=\"async\" src=\"http:\/\/seletlumieretv.org\/blogue\/wp-content\/20170429T0633-11-CNS-POPE-EGYPT-MASS-2.jpg\" alt=\"rencontre du pape fran\u00e7ois avec les journalistes\" align=\"center\"> Chers fr\u00e8res et s\u0153urs, contempler ensemble le visage du Christ avec le c\u0153ur de Marie, notre M\u00e8re, nous rendra encore plus unis comme famille spirituelle et nous aidera \u00e0 surmonter cette \u00e9preuve. Alors que nous faisons face \u00e0 la pand\u00e9mie de Covid-19, le 25 avril dernier, le pape Fran\u00e7ois nous invitait \u00e0 prier Dans Le Ph\u00e9nom\u00e8ne humain, Teilhard d\u00e9crit un amour universel capable dembrasser la totalit\u00e9 des hommes et de la Terre. Regardons, comme il aime \u00e0 le faire, le Dedans des choses, \u00e0 propos des actions des personnels soignants envers les malades du Covid 19, actions pour lesquelles nous les remercions tous les soirs \u00e0 20 heures depuis nos maisons. Ryad a rompu ses relations avec Doha et menace militairement le pays. Esp\u00e9rons que le rapprochement Etats-Unis Cor\u00e9e du Nord servira dexemple pour r\u00e9duire les tensions! De plus le film est de grande qualit\u00e9 et est tr\u00e8s soign\u00e9.<\/p>\n","protected":false},"excerpt":{"rendered":"<p>rencontre du pape fran\u00e7ois avec les journalistes<\/p>\n","protected":false},"author":1,"featured_media":0,"comment_status":"closed","ping_status":"closed","sticky":false,"template":"","format":"standard","meta":{"zakra_page_container_layout":"customizer","zakra_page_sidebar_layout":"customizer","zakra_remove_content_margin":false,"zakra_sidebar":"customizer","zakra_transparent_header":"customizer","zakra_logo":0,"zakra_main_header_style":"default","zakra_menu_item_color":"","zakra_menu_item_hover_color":"","zakra_menu_item_active_color":"","zakra_menu_active_style":"","zakra_page_header":true,"footnotes":""},"categories":[1],"tags":[],"_links":{"self":[{"href":"https:\/\/www.urwshop.net\/forum\/wp-json\/wp\/v2\/posts\/4035"}],"collection":[{"href":"https:\/\/www.urwshop.net\/forum\/wp-json\/wp\/v2\/posts"}],"about":[{"href":"https:\/\/www.urwshop.net\/forum\/wp-json\/wp\/v2\/types\/post"}],"author":[{"embeddable":true,"href":"https:\/\/www.urwshop.net\/forum\/wp-json\/wp\/v2\/users\/1"}],"replies":[{"embeddable":true,"href":"https:\/\/www.urwshop.net\/forum\/wp-json\/wp\/v2\/comments?post=4035"}],"version-history":[{"count":1,"href":"https:\/\/www.urwshop.net\/forum\/wp-json\/wp\/v2\/posts\/4035\/revisions"}],"predecessor-version":[{"id":4036,"href":"https:\/\/www.urwshop.net\/forum\/wp-json\/wp\/v2\/posts\/4035\/revisions\/4036"}],"wp:attachment":[{"href":"https:\/\/www.urwshop.net\/forum\/wp-json\/wp\/v2\/media?parent=4035"}],"wp:term":[{"taxonomy":"category","embeddable":true,"href":"https:\/\/www.urwshop.net\/forum\/wp-json\/wp\/v2\/categories?post=4035"},{"taxonomy":"post_tag","embeddable":true,"href":"https:\/\/www.urwshop.net\/forum\/wp-json\/wp\/v2\/tags?post=4035"}],"curies":[{"name":"wp","href":"https:\/\/api.w.org\/{rel}","templated":true}]}}