{"id":4125,"date":"2020-06-26T20:50:14","date_gmt":"2020-06-26T20:50:14","guid":{"rendered":"http:\/\/www.urwshop.net\/forum\/?p=4125"},"modified":"2020-06-22T22:26:29","modified_gmt":"2020-06-22T22:26:29","slug":"rencontre-litteraire-lausanne","status":"publish","type":"post","link":"https:\/\/www.urwshop.net\/forum\/2020\/06\/26\/rencontre-litteraire-lausanne\/","title":{"rendered":"Rencontre Litt\u00e9raire Lausanne"},"content":{"rendered":"<p>2017 Labor Et Fides. All Rights Reserved. E-Commerce by fournir une offre litt\u00e9raire et culturelle riche et vari\u00e9e \u00e0 Vevey, de concert avec la Biblioth\u00e8que Municipale ;  8 octobre : lecture collective avec lAJAR autour de Vivre pr\u00e8s des tilleuls, Librairie Nouvelles Pages, Gen\u00e8ve Samedi 16 mars 2019, de 11h30 \u00e0 12h30, rencontre avec Adeline Dieudonn\u00e9 et Am\u00e9lie Nothomb sur le th\u00e8me Histoires de familles, stand du F102 du Salon du livre de Paris. Engagement dinformer et de faire vivre la culture alternative, mais \u00e0 un Lundi 3 d\u00e9cembre, \u00e0 18h30, Soir\u00e9e litt\u00e9raire \u00e0 la Biblioth\u00e8que publique et universitaire de Neuch\u00e2tel, en collaboration avec lAssociation des \u00e9crivains neuch\u00e2telois et jurassiens et la Soci\u00e9t\u00e9 du livre contemporain, en partenariat avec Les lundis des mots. Pr\u00e9cisions suivront. Les 42\u00e8mes Journ\u00e9es Litt\u00e9raires de Soleure auront lieu en ligne partenaire du festival de Chaillol, vous accueille Place Grenette Gap du mardi au samedi. Une s\u00e9lection de livres, concoct\u00e9e par nos libraires Sylvia H\u00e9l\u00e8ne, vous est propos\u00e9e chaque soir de concert \u00e0 Chaillol par Christiane, b\u00e9n\u00e9vole bibliophile, et lors des rencontres litt\u00e9raires. Est un prix dont le jury est compos\u00e9 de lectrices et lecteurs du Grand Lausanne. Il est pr\u00e9sid\u00e9 chaque ann\u00e9e par une personnalit\u00e9 du monde de la culture. Cette ann\u00e9e, cest le com\u00e9dien, animateur, producteur et \u00e9diteur Vincent Kucholl qui assume cette mission. Le Prix r\u00e9compense dun ch\u00e8que de 20000 francs, ainsi que dune r\u00e9sidence dun mois au Ch\u00e2teau de Lavigny, un-e auteur-e romand-e ayant publi\u00e9 un ouvrage de fiction dans lann\u00e9e \u00e9coul\u00e9e. La pr\u00e9s\u00e9lection des six titres propos\u00e9s au jury et \u00e0 son-sa pr\u00e9sident-e est faite par les biblioth\u00e9caires de la Ville de Lausanne avec la d\u00e9l\u00e9gu\u00e9e \u00e0 la politique du livre.   Pr\u00e9sid\u00e9 par Dominik M\u00fcller, le jury f\u00e9d\u00e9ral de litt\u00e9rature a fond\u00e9 son choix sur les crit\u00e8res de limportance et de la continuit\u00e9 ainsi que de l\u00e9cho au-del\u00e0 des quatre langues nationales et des fronti\u00e8res du pays de l\u0153uvre. An invitation to discover breath and voice from a scientific standpoint to better understand their complexity and implications in music and for jazz in particular. With the experts Prof. Laurent Nicod, Head of the Pulmonology Service at the CHUV, and Dr Mary-Louise Dutoit-Marco, Phoniatrician. <img decoding=\"async\" src=\"http:\/\/www.lausannebondyblog.ch\/wp-content\/uploads\/2015\/01\/lausanne.jpg\" alt=\"rencontre litt\u00e9raire lausanne\" align=\"right\"> 18 janvier, sur la premi\u00e8re RSR1 \u00e0 17 heures, entretien avec Patrick Ferlat dans le cadre de l\u00e9mission Presque rien sur presque tout. <img decoding=\"async\" src=\"http:\/\/p9.storage.canalblog.com\/92\/38\/1135807\/87993242_o.jpg\" alt=\"rencontre litt\u00e9raire lausanne\" align=\"left\"> On peut, selon moi, parler dun axe po\u00e9tique Lausanne Grignan. Il est parsem\u00e9 de noms que connaissent tous les amateurs de po\u00e9sie : Charles-Ferdinand Ramuz, Gustave Roud, Maurice Chappaz sous la f\u00e9rule dun \u00e9diteur in\u00e9puisable : Henry-Louis Mermod H.L.M, avec un descendant prestigieux irradiant depuis sa maison grignanaise : Philippe Jaccottet. Artiste sp\u00e9cialis\u00e9e dans le digital media art, Lalie S. Pascual est dipl\u00f4m\u00e9e de Central Saint Martins University of the Arts de Londres apr\u00e8s avoir \u00e9tudi\u00e9 \u00e0 Brandeis University, Massachusetts, et \u00e0 Boston University. Elle a expos\u00e9 \u00e0 Lausanne, \u00e0 la Galerie Lucy Mackintosh, au CHUV et \u00e0 lEPFL, ainsi que notamment \u00e0 Boston, Londres, B\u00e2le, New York, Hong Kong et Singapour. Partage avec les lecteurs de Lib\u00e9ration ses analyses sur lactualit\u00e9 Je participe \u00e0 la grande manifestation Les Enjeux 12-Sous influence-De lart dans la litt\u00e9rature organis\u00e9e par la Maison des \u00e9crivains et de la litt\u00e9rature MEL, \u00e0 Paris, du 23 au 26 janvier 2019. Samedi 2 septembre 2017, de 14h05 \u00e0 15h20, dans le cadre du, croisi\u00e8re litt\u00e9raire sur le th\u00e8me La France, \u00e9moi, \u00e9moi, \u00e9moi avec Serge Joncour pour, et Gr\u00e9goire Delacourt pour, Bateau Le Lausanne, salon Gen\u00e8ve. <img decoding=\"async\" src=\"http:\/\/astm.lu\/wp-content\/uploads\/2017\/01\/libertalia-refugie-couv_WEB_RVB-182x300.jpg\" alt=\"rencontre litt\u00e9raire lausanne\" align=\"center\"> Flashback flashforward : les temporalit\u00e9s de la vie Informations compl\u00e9mentaires Po\u00e8te et journaliste colombienne, Valentina Ramona de Jes\u00fas a publi\u00e9 son premier recueil de po\u00e9sie Dos metros cuadrados de piel aux \u00c9ditions KLAK en 2019. Elle r\u00e9side actuellement \u00e0 Berlin et travaille sur la premi\u00e8re traduction anglaise de l\u00e9tude Viaje a pie du philosophe colombien Fernando Gonz\u00e1lez Ochoa 1895-1964, issue dune ann\u00e9e de p\u00e9r\u00e9grinations \u00e0 travers son pays.<\/p>\n","protected":false},"excerpt":{"rendered":"<p>rencontre litt\u00e9raire lausanne<\/p>\n","protected":false},"author":1,"featured_media":0,"comment_status":"closed","ping_status":"closed","sticky":false,"template":"","format":"standard","meta":{"zakra_page_container_layout":"customizer","zakra_page_sidebar_layout":"customizer","zakra_remove_content_margin":false,"zakra_sidebar":"customizer","zakra_transparent_header":"customizer","zakra_logo":0,"zakra_main_header_style":"default","zakra_menu_item_color":"","zakra_menu_item_hover_color":"","zakra_menu_item_active_color":"","zakra_menu_active_style":"","zakra_page_header":true,"footnotes":""},"categories":[1],"tags":[],"_links":{"self":[{"href":"https:\/\/www.urwshop.net\/forum\/wp-json\/wp\/v2\/posts\/4125"}],"collection":[{"href":"https:\/\/www.urwshop.net\/forum\/wp-json\/wp\/v2\/posts"}],"about":[{"href":"https:\/\/www.urwshop.net\/forum\/wp-json\/wp\/v2\/types\/post"}],"author":[{"embeddable":true,"href":"https:\/\/www.urwshop.net\/forum\/wp-json\/wp\/v2\/users\/1"}],"replies":[{"embeddable":true,"href":"https:\/\/www.urwshop.net\/forum\/wp-json\/wp\/v2\/comments?post=4125"}],"version-history":[{"count":1,"href":"https:\/\/www.urwshop.net\/forum\/wp-json\/wp\/v2\/posts\/4125\/revisions"}],"predecessor-version":[{"id":4126,"href":"https:\/\/www.urwshop.net\/forum\/wp-json\/wp\/v2\/posts\/4125\/revisions\/4126"}],"wp:attachment":[{"href":"https:\/\/www.urwshop.net\/forum\/wp-json\/wp\/v2\/media?parent=4125"}],"wp:term":[{"taxonomy":"category","embeddable":true,"href":"https:\/\/www.urwshop.net\/forum\/wp-json\/wp\/v2\/categories?post=4125"},{"taxonomy":"post_tag","embeddable":true,"href":"https:\/\/www.urwshop.net\/forum\/wp-json\/wp\/v2\/tags?post=4125"}],"curies":[{"name":"wp","href":"https:\/\/api.w.org\/{rel}","templated":true}]}}