{"id":4229,"date":"2020-06-27T21:43:16","date_gmt":"2020-06-27T21:43:16","guid":{"rendered":"http:\/\/www.urwshop.net\/forum\/?p=4229"},"modified":"2020-06-22T23:49:44","modified_gmt":"2020-06-22T23:49:44","slug":"nabilla-rencontre-dieudonne","status":"publish","type":"post","link":"https:\/\/www.urwshop.net\/forum\/2020\/06\/27\/nabilla-rencontre-dieudonne\/","title":{"rendered":"Nabilla Rencontre Dieudonn\u00e9"},"content":{"rendered":"<p>Je ne connaissais pas tr\u00e8s bien Faurisson. Et tous ces sujets sur le r\u00e9visionnisme m\u00e9taient tr\u00e8s \u00e9trangers. Le couple de stars une fois arriv\u00e9 ce samedi 9 novembre, a d\u00e9voil\u00e9 sa magnifique villa encore en plein emm\u00e9nagement, compos\u00e9e dune immense chambre, du dressing de Nabilla, dune belle terrasse et dune jolie piscine. Cest un Thomas tr\u00e8s heureux et faisant le tour du propri\u00e9taire qui sest r\u00e9jouit de cette installation et ses perspectives. Nul doute que pour Nabilla, cest la promesse dune nouvelle vie stable tant attendue.  Nicolas Bedos se moque de Nabilla et \u00e7a la fait rigoler-Voici quiz Created with Sketch. D47C55D3-60D8-4DCF-9056-19690A55A551 Created with sketchtool. <img decoding=\"async\" src=\"http:\/\/bailoin.tk\/IMG\/jpg\/jeun_stival_-_8_-_07_-17.jpg\" alt=\"nabilla rencontre dieudonn\u00e9\" align=\"center\"> Un site du groupe Prisma M\u00e9dia GJ Network-CPPAP : 0215 W 90269  Une famille de r\u00eave et superbe maison : La nouvelle vie qui d\u00e9bute pour Nabilla Benattia <img decoding=\"async\" src=\"http:\/\/panneau-facebook.com\/panneaux\/165385-panneau-facebook.gif\" alt=\"nabilla rencontre dieudonn\u00e9\" align=\"center\"> Jai commenc\u00e9 sur le chemin de lantiracisme, anti-Front national, notamment \u00e0 Dreux. Ensuite, je me suis rendu compte de linstrumentalisation de lantiracisme \u00e0 des fins politique \u00e9tait quelque chose d\u00e9trange. Je pense que jai \u00e9t\u00e9 un peu manipul\u00e9. Se battre contre le racisme, cest ouvrir le dialogue et de discuter avec ceux qui font peur. Aujourdhui, jai rencontr\u00e9 les gens qui \u00e9taient montr\u00e9 du doigt et consid\u00e9r\u00e9s comme des racistes. Il y en a, cest vrai. Dautres sont des protectionnistes; ils pensent que la soci\u00e9t\u00e9 fran\u00e7aise ne doit pas \u00e9voluer vers le m\u00e9tissage. Dautres sont nationalistes. En ce qui concerne ma g\u00e9n\u00e9ration, les racistes venaient plut\u00f4t de lextr\u00eame droite. En r\u00e9alit\u00e9, le racisme, cest beaucoup plus compliqu\u00e9 que \u00e7a. Jai rencontr\u00e9 Jean-Marie Le Pen; il nest pas plus raciste que les gens qui sont au gouvernement. Je dirais m\u00eame quil lest un peu moins car autour de lui r\u00e8gne plut\u00f4t lesprit de la nationalit\u00e9 fran\u00e7aise. Je nai jamais partag\u00e9 le courant de pens\u00e9 du Front national. En revanche, la diabolisation de Jean-Marie Le Pen a servi dinstrumentalisation Il n\u00e9tait pas plus raciste que Jacques Chirac qui a men\u00e9 une politique en Afrique digne de la politique des pires ann\u00e9es. Sarkozy, c\u00e9tait encore pire. Le racisme, on ne peut pas mieux lillustrer que le discours de Sarkozy \u00e0 Dakar. Largent Comme lAfrique est un continent qui regorge de mati\u00e8res premi\u00e8res cest un continent extr\u00eamement riche potentiellement pour moi, il ny a pas plus racistes que les gens de lUMP et du PS. Aujourdhui, je suis plut\u00f4t \u00e9tiquet\u00e9 comme venant de lextr\u00eame gauche RETRAITE. Adopt\u00e9e en d\u00e9but dann\u00e9e apr\u00e8s un recours au 49-3, la r\u00e9forme des retraites, suspendue en raison de la crise sanitaire, pourrait bien revenir sur le devant la sc\u00e8ne. Sous quelle forme? On fait le point. Nicolas Bedos se moque de Nabilla et \u00e7a la fait rigoler Ses avocats ayant d\u00e9pos\u00e9 une nouvelle demande en ce sens, elle est remise en libert\u00e9 sous le ; son proc\u00e8s est pr\u00e9vu \u00e0 la mi-2015, ou fin 2015. Le lendemain de sa sortie de prison, elle fait conna\u00eetre son intention de se retirer momentan\u00e9ment de la sc\u00e8ne m\u00e9diatique pour se remettre de sa d\u00e9tention et se ressourcer aupr\u00e8s de ses proches. En, elle continue cependant dattirer lattention de la.  lol pour ta r\u00e9ponse \u00e0 Axi, \u00e7a ma fait sourire ce petit matin <img decoding=\"async\" src=\"http:\/\/static1.purebreak.com\/articles\/3\/92\/88\/3\/@\/419087-nabilla-benattia-vs-dieudonne-clash-239x239-1.jpg\" alt=\"nabilla rencontre dieudonn\u00e9\" align=\"left\"> Le com\u00e9dien Lor\u00e0nt Deutsch, auteur du best-seller M\u00e9tronome, a \u00e9t\u00e9 victime dun grave accident de scooter dans la nuit de lundi \u00e0 mardi, \u00e0 Paris, a annonc\u00e9 ce mercredi son \u00e9diteur Well stop supporting this browser soon. For the best experience please. Myriam Leroy, journaliste dans l\u00e9mission La Nouvelle Edition sur Canal, sest l\u00e2ch\u00e9e vendredi dans sa chronique Leroy cest elle en se payant Dieudonn\u00e9, affirmant quil est un humoriste du pass\u00e9, une sorte de Nabilla Les op\u00e9rations de d\u00e9montage de l\u00e9chafaudage de Notre-Dame de Paris, d\u00e9form\u00e9 et soud\u00e9 par la chaleur de lincendie de la cath\u00e9drale en avril 2019, ont d\u00e9but\u00e9 lundi, a constat\u00e9 un journaliste de lAFP, m\u00eame si les cordistes narriveront que mardi. Quelques milliers de personnes, dont des leaders politiques de gauche, se sont rassembl\u00e9es mardi soir \u00e0 Paris pour saluer la m\u00e9moire de Georges Floyd dont les fun\u00e9railles \u00e9taient organis\u00e9es au m\u00eame moment \u00e0 Houston Texas, ont constat\u00e9 des journalistes de lAFP. 503 Service Temporarily Unavailable Service Temporarily Unavailable Un appel \u00e0 manifester partout en France ce samedi 13 juin a \u00e9t\u00e9 lanc\u00e9 par le collectif La v\u00e9rit\u00e9 pour Adama. Il sagit une nouvelle fois de r\u00e9clamer justice pour Adama Traor\u00e9, ce jeune homme d\u00e9c\u00e9d\u00e9 en 2016 suite \u00e0 son interpellation. Apr\u00e8s avoir particip\u00e9 \u00e0 plusieurs t\u00e9l\u00e9-r\u00e9alit\u00e9, Nabilla a d\u00e9m\u00e9nag\u00e9 \u00e0 Londres pour vivre, avec Thomas Vergara, une vie plus calme.<\/p>\n","protected":false},"excerpt":{"rendered":"<p>nabilla rencontre dieudonn\u00e9<\/p>\n","protected":false},"author":1,"featured_media":0,"comment_status":"closed","ping_status":"closed","sticky":false,"template":"","format":"standard","meta":{"zakra_page_container_layout":"customizer","zakra_page_sidebar_layout":"customizer","zakra_remove_content_margin":false,"zakra_sidebar":"customizer","zakra_transparent_header":"customizer","zakra_logo":0,"zakra_main_header_style":"default","zakra_menu_item_color":"","zakra_menu_item_hover_color":"","zakra_menu_item_active_color":"","zakra_menu_active_style":"","zakra_page_header":true,"footnotes":""},"categories":[1],"tags":[],"_links":{"self":[{"href":"https:\/\/www.urwshop.net\/forum\/wp-json\/wp\/v2\/posts\/4229"}],"collection":[{"href":"https:\/\/www.urwshop.net\/forum\/wp-json\/wp\/v2\/posts"}],"about":[{"href":"https:\/\/www.urwshop.net\/forum\/wp-json\/wp\/v2\/types\/post"}],"author":[{"embeddable":true,"href":"https:\/\/www.urwshop.net\/forum\/wp-json\/wp\/v2\/users\/1"}],"replies":[{"embeddable":true,"href":"https:\/\/www.urwshop.net\/forum\/wp-json\/wp\/v2\/comments?post=4229"}],"version-history":[{"count":1,"href":"https:\/\/www.urwshop.net\/forum\/wp-json\/wp\/v2\/posts\/4229\/revisions"}],"predecessor-version":[{"id":4230,"href":"https:\/\/www.urwshop.net\/forum\/wp-json\/wp\/v2\/posts\/4229\/revisions\/4230"}],"wp:attachment":[{"href":"https:\/\/www.urwshop.net\/forum\/wp-json\/wp\/v2\/media?parent=4229"}],"wp:term":[{"taxonomy":"category","embeddable":true,"href":"https:\/\/www.urwshop.net\/forum\/wp-json\/wp\/v2\/categories?post=4229"},{"taxonomy":"post_tag","embeddable":true,"href":"https:\/\/www.urwshop.net\/forum\/wp-json\/wp\/v2\/tags?post=4229"}],"curies":[{"name":"wp","href":"https:\/\/api.w.org\/{rel}","templated":true}]}}