{"id":4285,"date":"2020-06-27T22:12:13","date_gmt":"2020-06-27T22:12:13","guid":{"rendered":"http:\/\/www.urwshop.net\/forum\/?p=4285"},"modified":"2020-06-23T01:12:06","modified_gmt":"2020-06-23T01:12:06","slug":"rencontres-ecologiques-die","status":"publish","type":"post","link":"https:\/\/www.urwshop.net\/forum\/2020\/06\/27\/rencontres-ecologiques-die\/","title":{"rendered":"Rencontres Ecologiques Die"},"content":{"rendered":"<p>Vergnau G 1990. La th\u00e9orie des champs conceptuels. Recherches en didactique des math\u00e9matiques, vol. 10, n 23, p 136. 5 mars : Conf\u00e9rence de presse r\u00e9gionale \u00e0 Lyon et grande journ\u00e9e dactions TER de la liste Ensemble \u00e0 gauche 26 20 janvier : R\u00e9union de travail du Comit\u00e9 des assises permanentes pour l\u00e9cosocialisme aux Lilas 93  13 avril : Assembl\u00e9e g\u00e9n\u00e9rale du Comit\u00e9 Dr\u00f4me Nord du PG \u00e0 Romans sur Is\u00e8re 26 Nous remercions les partenaires ci-dessous pour leur participation \u03b8\u03b1\u03bd\u03bf\u03c2 \u03bb\u03b5\u03b9\u03b2\u03b1\u03b4\u03b9\u03c4\u03b7\u03c2 \u03c0\u03bf\u03b9\u03b7\u03bc\u03b1\u03c4\u03b1 \u03b5\u03bb\u03bb\u03b7\u03bd\u03b1\u03c2 \u03c3\u03ba\u03b7\u03bd\u03bf\u03b8\u03b5\u03c4\u03b7\u03c2 \u03b2\u03c1\u03b1\u03b2\u03b5\u03c5\u03c4\u03b7\u03ba\u03b5 La prise de conscience de la communaut\u00e9 de destin terrestre doit \u00eatre l\u00e9v\u00e9nement cl\u00e9 de notre si\u00e8cle. Transition \u00e9cologique, pr\u00e9sentez la r\u00e9flexion, la synergie et la mise en place Biovall\u00e9e : Augustin Gendouz, Mickael Berrebi, Samuel Bonvoisin, Lyliane Orand. Animation : Philippe L\u00e9vy  Laboratoire de Zoologie, Facult\u00e9 des Sciences, 118, route de Narbonne, 31-Toulouse 22 juin : Rendez-vous avec le Pr\u00e9fet de la Dr\u00f4me \u00e0 Valence 26 <img decoding=\"async\" src=\"http:\/\/communiquaction.fr\/wp-content\/uploads\/2013\/06\/Logo-RIVE-ss-reflet-Hdef-20132-620x330.jpg\" alt=\"rencontres ecologiques die\" align=\"left\"> participer d\u00e9tudes e t d e rencontres th\u00e9matiques p \u00e9 riodiques, dactivit\u00e9s.. Le bain de for\u00eat ou Shinrin yoku, une approche de sant\u00e9 originaire du <img decoding=\"async\" src=\"http:\/\/www.terre-horizon.fr\/fileadmin\/user_upload\/photo\/Actualites\/rabhi.jpg\" alt=\"rencontres ecologiques die\" align=\"left\"> <img decoding=\"async\" src=\"http:\/\/1.bp.blogspot.com\/-stWegq_SprY\/UuuCWjR9dpI\/AAAAAAAAWak\/7rP-oFQfkbA\/w1200-h630-p-nu\/diois6NToid2hpdGUiO30=-bienvenue-dans-le-vercors-et-dans-le-diois.jpg\" alt=\"rencontres ecologiques die\" align=\"center\"> ACOPREV-centrale Villageoise-Hydrog\u00e8ne, ADIL-Energie-26, African Pattern, Agir pour lEnvironnement, Agribiodr\u00f4me, Les Associations de Solidarit\u00e9  Lassembl\u00e9e g\u00e9n\u00e9rale ordinaire comprend tous les membres de lassociation. Lassembl\u00e9e g\u00e9n\u00e9rale ordinaire se r\u00e9unit une fois par an. Quinze jours avant la date fix\u00e9e par le Conseil dAdministration, les membres de lassociation sont convoqu\u00e9s par ses soins. Lordre du jour est indiqu\u00e9 sur les convocations. Le quorum est atteint si 25 des membres inscrits sont pr\u00e9sents ; toute d\u00e9cision nest prise que si le quorum est atteint. Si cette condition nest pas remplie, une autre assembl\u00e9e g\u00e9n\u00e9rale est convoqu\u00e9e \u00e0 quinze jours dintervalle minimum et d\u00e9lib\u00e8re valablement quelque que soit le nombre des pr\u00e9sents. Un secr\u00e9taire de s\u00e9ance est d\u00e9sign\u00e9 par lassembl\u00e9e g\u00e9n\u00e9rale. Le pr\u00e9sident assist\u00e9 des membres du Conseil dAdministration pr\u00e9side lassembl\u00e9e et expose la situation morale de lassociation. Le tr\u00e9sorier rend compte de sa gestion et soumet le bilan \u00e0 lapprobation de lassembl\u00e9e g\u00e9n\u00e9rale. Lassembl\u00e9e g\u00e9n\u00e9rale approuve le document r\u00e9gissant le mode de fonctionnement int\u00e9rieur de lassociation, \u00e9tabli par le conseil dadministration, \u00e0 la majorit\u00e9 des deux tiers. O 14h Film D\u00e9placer les montagnes de Laeticia Cuvelier et Isabelle Mahenc 1h43mn Suite \u00e0 une premi\u00e8re vague de mobilisation des citoyens et des apiculteurs en Europe, initi\u00e9e par POLLINIS :.<\/p>\n","protected":false},"excerpt":{"rendered":"<p>rencontres ecologiques die<\/p>\n","protected":false},"author":1,"featured_media":0,"comment_status":"closed","ping_status":"closed","sticky":false,"template":"","format":"standard","meta":{"zakra_page_container_layout":"customizer","zakra_page_sidebar_layout":"customizer","zakra_remove_content_margin":false,"zakra_sidebar":"customizer","zakra_transparent_header":"customizer","zakra_logo":0,"zakra_main_header_style":"default","zakra_menu_item_color":"","zakra_menu_item_hover_color":"","zakra_menu_item_active_color":"","zakra_menu_active_style":"","zakra_page_header":true,"footnotes":""},"categories":[1],"tags":[],"_links":{"self":[{"href":"https:\/\/www.urwshop.net\/forum\/wp-json\/wp\/v2\/posts\/4285"}],"collection":[{"href":"https:\/\/www.urwshop.net\/forum\/wp-json\/wp\/v2\/posts"}],"about":[{"href":"https:\/\/www.urwshop.net\/forum\/wp-json\/wp\/v2\/types\/post"}],"author":[{"embeddable":true,"href":"https:\/\/www.urwshop.net\/forum\/wp-json\/wp\/v2\/users\/1"}],"replies":[{"embeddable":true,"href":"https:\/\/www.urwshop.net\/forum\/wp-json\/wp\/v2\/comments?post=4285"}],"version-history":[{"count":1,"href":"https:\/\/www.urwshop.net\/forum\/wp-json\/wp\/v2\/posts\/4285\/revisions"}],"predecessor-version":[{"id":4286,"href":"https:\/\/www.urwshop.net\/forum\/wp-json\/wp\/v2\/posts\/4285\/revisions\/4286"}],"wp:attachment":[{"href":"https:\/\/www.urwshop.net\/forum\/wp-json\/wp\/v2\/media?parent=4285"}],"wp:term":[{"taxonomy":"category","embeddable":true,"href":"https:\/\/www.urwshop.net\/forum\/wp-json\/wp\/v2\/categories?post=4285"},{"taxonomy":"post_tag","embeddable":true,"href":"https:\/\/www.urwshop.net\/forum\/wp-json\/wp\/v2\/tags?post=4285"}],"curies":[{"name":"wp","href":"https:\/\/api.w.org\/{rel}","templated":true}]}}