{"id":4307,"date":"2020-06-27T05:46:05","date_gmt":"2020-06-27T05:46:05","guid":{"rendered":"http:\/\/www.urwshop.net\/forum\/?p=4307"},"modified":"2020-06-23T01:33:56","modified_gmt":"2020-06-23T01:33:56","slug":"rencontre-brel","status":"publish","type":"post","link":"https:\/\/www.urwshop.net\/forum\/2020\/06\/27\/rencontre-brel\/","title":{"rendered":"Rencontre Brel"},"content":{"rendered":"<p>BREL : Jai chant\u00e9 dans des endroits o\u00f9 je navais vraiment pas envie de chanter, mais il fallait bouffer Mais jy ai chant\u00e9 ce que javais envie. Un lien solide et indestructible, \u00eatre toujours disponible en cas de besoin et surtout ne jamais trahir Comment se forme les flocons de neige? et le verglas? <img decoding=\"async\" src=\"http:\/\/s8.cdn.sanomamedia.be\/a\/view\/q75\/w\/h\/1317973\/jacques-barbaud.jpg\" alt=\"rencontre brel\" align=\"left\">  Afin dassurer la s\u00e9curit\u00e9 et la qualit\u00e9 de ce site, nous vous demandons de vous identifier pour laisser vos commentaires. Cette inscription sera valable sur le site RTL.fr. Saisissez les caract\u00e8res que vous voyez dans cette image : Manifestations antiracistes: pourquoi un tel \u00e9cho mondial Malgr\u00e9 les pr\u00e9paratifs effectu\u00e9s concernant l\u00e9dition 2019.. Jacques Brel est un boulimique du travail, un hyperactif, ce qui laisse peu de place \u00e0 une vie de famille : en 1958, sa femme d\u00e9cide de retourner vivre et accoucher dIsabelle au calme en Belgique car lartiste est continuellement en tourn\u00e9e. Outre ses albums personnels truff\u00e9s de classiques La Valse \u00e0 Mille Temps en 1959, Le Plat Pays en 1962 et Les Bonbons en 1964, il particpe \u00e0 des projets parall\u00e8les. Il enregsitre un disque pour le magazine Marie-Claire comprenant Lintroduction \u00e0 la Nativit\u00e9 et LEvangile selon Saint-Luc 1958, ainsi que le conte musical Pierre et le Loup 1963 pour la Radio-T\u00e9l\u00e9vision Belge. En 1962, il quitte Phillips pour Barclay. \u00c9tant donn\u00e9 quil est impossible dinf\u00e9rer des coordonn\u00e9es, telles que ladresse, ladresse e-mail ou le num\u00e9ro de t\u00e9l\u00e9phone, \u00e0 partir des cookies, ils ne sont pas utilis\u00e9s pour le marketing direct via ces canaux. En \u00cele-de-France, le centre commercial des Quatre-Temps situ\u00e9 dans le quartier de La D\u00e9fense rouvre ses portes d\u00e8s le 4 juin 2020.  Avec le d\u00e9confinement, vous voulez aller dans un parc ou en for\u00eat? \u00c7a tombe bien, quelques espaces verts sont accessibles depuis Paris en v\u00e9lo. Coul\u00e9e Verte, Parc de la Courneuve, Parc de la Poudrerie, For\u00eat de Meudon et for\u00eat de La Malmaison, on vous propose 5 destinations \u00e0 moins de 20 km de Paris! Emmanuel Laurentin, Chlo\u00eb Cambreling-Les discriminations raciales syst\u00e9miques sont-elles enracin\u00e9es en France-Site officiel de Nantes M\u00e9tropole et de la Ville de Nantes Perrine Kervran-Des villes transform\u00e9es par lexil : mes voisins les migrants 34 : Palerme, une ville ouverte-Radio France-Pourquoi tant de haine contre la fondation Bill et Melinda Gates-Blog-Association sportive-Lyc\u00e9e polyvalent Jacques Brel Festival de la biographie de N\u00eemes : rencontre avec Bruno Brel-midilibre.fr Albert Brel, parall\u00e8lement \u00e0 une carri\u00e8re au CNRS, sest toujours int\u00e9ress\u00e9 \u00e0 l\u00e9quipement nautique. STIEVIE NV, avec si\u00e8ge social situ\u00e9 \u00e0 Mediaplein 1, 2018 Antwerpen, num\u00e9ro dentreprise 0536.453.550, T\u00e9l.: 02255.32.11, E-mail: privacydpgmedia.be <img decoding=\"async\" src=\"http:\/\/claudemuller.blog.lemonde.fr\/files\/2015\/07\/bandeau-Benabar1.jpg\" alt=\"rencontre brel\" align=\"right\">  En poursuivant votre navigation sur le site de Vouneuil-sous-Biard vouneuil-sous-biard.fr, Je fais ce t\u00e9moignages pour t\u00e9moigner la comp\u00e9tence dun vieux vraiment formidable. A ctuellement et jusquau 29 mai, est pr\u00e9sent\u00e9e aux Anciennes Ecuries lexposition des Artistes Roncquois sur le th\u00e8me de lAfrique. Sy m\u00ealent \u00e9galement les peintures laqu\u00e9es de Claude-Albert Verhulst, linvit\u00e9 dhonneur de cette exposition. En marge de ce temps fort culturel, trois classes de l\u00e9cole Jacques-Brel les CE1-CM1 et CM2 ont sollicit\u00e9 lassociation des Artistes Roncquois pour visiter ce petit mus\u00e9e. Ils ont \u00e9t\u00e9 accueillis sur place par trois artistes autodidactes de lassociation, Josu\u00e9 Vandamme, Didier Delitte et R\u00e9gis Ferret. Une visite passionnante. Situe\u0301 en bas a\u0300 droite de la fen\u00eatre, ce bouton permet laffichage du sommaire au fil de la lecture. <img decoding=\"async\" src=\"http:\/\/www.montpellier-agglo.fr\/sites\/default\/files\/agenda\/photo\/La-Rencontre-DR.jpg\" alt=\"rencontre brel\" align=\"center\">.<\/p>\n","protected":false},"excerpt":{"rendered":"<p>rencontre brel<\/p>\n","protected":false},"author":1,"featured_media":0,"comment_status":"closed","ping_status":"closed","sticky":false,"template":"","format":"standard","meta":{"zakra_page_container_layout":"customizer","zakra_page_sidebar_layout":"customizer","zakra_remove_content_margin":false,"zakra_sidebar":"customizer","zakra_transparent_header":"customizer","zakra_logo":0,"zakra_main_header_style":"default","zakra_menu_item_color":"","zakra_menu_item_hover_color":"","zakra_menu_item_active_color":"","zakra_menu_active_style":"","zakra_page_header":true,"footnotes":""},"categories":[1],"tags":[],"_links":{"self":[{"href":"https:\/\/www.urwshop.net\/forum\/wp-json\/wp\/v2\/posts\/4307"}],"collection":[{"href":"https:\/\/www.urwshop.net\/forum\/wp-json\/wp\/v2\/posts"}],"about":[{"href":"https:\/\/www.urwshop.net\/forum\/wp-json\/wp\/v2\/types\/post"}],"author":[{"embeddable":true,"href":"https:\/\/www.urwshop.net\/forum\/wp-json\/wp\/v2\/users\/1"}],"replies":[{"embeddable":true,"href":"https:\/\/www.urwshop.net\/forum\/wp-json\/wp\/v2\/comments?post=4307"}],"version-history":[{"count":1,"href":"https:\/\/www.urwshop.net\/forum\/wp-json\/wp\/v2\/posts\/4307\/revisions"}],"predecessor-version":[{"id":4308,"href":"https:\/\/www.urwshop.net\/forum\/wp-json\/wp\/v2\/posts\/4307\/revisions\/4308"}],"wp:attachment":[{"href":"https:\/\/www.urwshop.net\/forum\/wp-json\/wp\/v2\/media?parent=4307"}],"wp:term":[{"taxonomy":"category","embeddable":true,"href":"https:\/\/www.urwshop.net\/forum\/wp-json\/wp\/v2\/categories?post=4307"},{"taxonomy":"post_tag","embeddable":true,"href":"https:\/\/www.urwshop.net\/forum\/wp-json\/wp\/v2\/tags?post=4307"}],"curies":[{"name":"wp","href":"https:\/\/api.w.org\/{rel}","templated":true}]}}