{"id":4337,"date":"2020-06-27T12:55:02","date_gmt":"2020-06-27T12:55:02","guid":{"rendered":"http:\/\/www.urwshop.net\/forum\/?p=4337"},"modified":"2020-06-23T01:57:06","modified_gmt":"2020-06-23T01:57:06","slug":"5eme-rencontre-de-la-performance-energetique","status":"publish","type":"post","link":"https:\/\/www.urwshop.net\/forum\/2020\/06\/27\/5eme-rencontre-de-la-performance-energetique\/","title":{"rendered":"5\u00e8me Rencontre De La Performance \u00c9nerg\u00e9tique"},"content":{"rendered":"<p><img decoding=\"async\" src=\"http:\/\/www.2ie-edu.org\/images\/slideshow\/Banderole_Cinquantenaire_2iE_au_Tchad1du01-08-2018.jpg\" alt=\"5\u00e8me rencontre de la performance \u00e9nerg\u00e9tique\" align=\"left\"> Nous supposons que vous avez aim\u00e9 cette pr\u00e9sentation. Afin de la t\u00e9l\u00e9charger, recommandez-la \u00e0 vos amis dans un r\u00e9seau social. Les boutons se trouvent ci-dessous Merci.  r\u00e9duction des in\u00e9galit\u00e9s de lacc\u00e8s \u00e0 l\u00e9nergie et progr\u00e8s de lind\u00e9pendance \u00e9nerg\u00e9tique ; Le monstre am\u00e9ricain au serpent est de retour. La nouvelle Ford Mustang Shelby GT500 vient ainsi d\u00eatre  Pour des programmes plus vastes, amplifi\u00e9s, plus diversifi\u00e9s et plus rapides dans leur mise en \u0153uvre, le COPTEC rassemble les entreprises, les associations, les organismes de recherche, les collectivit\u00e9s infrar\u00e9gionales et les services de lEtat. Au total, pr\u00e8s de 540 organisations participent \u00e0 ce lieu d\u00e9changes, de partages et d\u00e9laboration de propositions dans une logique de co-construction. La d\u00e9marche a \u00e9t\u00e9 lanc\u00e9e en mai 2016. C\u00e9r\u00e9monie solennelle de ratification de lAccord de Paris B\u00e2timents tertiaires zone H2C altitude 400m sans modulation GES Le Premier ministre a saisi le Conseil \u00e9conomique, social et environnemental sur le projet de loi de programmation pour un nouveau mod\u00e8le \u00e9nerg\u00e9tique fran\u00e7ais. Lentr\u00e9e ouvre sur une vaste et lumineuse pi\u00e8ce de vie qui se compose dune part dune cuisine enti\u00e8rement \u00e9quip\u00e9e et am\u00e9nag\u00e9e, et dautre part dun double s\u00e9jour avec sa chemin\u00e9e dantan. Le 18 mai 2017, le Club des Partenariats Public-Priv\u00e9 a r\u00e9uni ses partenaires autour de Thierry D\u00c9AU, repr\u00e9sentant dEmmanuel MACRON lors des 10\u00e8mes Rencontres Internationales des PPP et PDG du fonds.. Sachez quil existe \u00e9galement des aides financi\u00e8res nationales individuelles mobilisables par chaque copropri\u00e9taire. La liste de ces aides est r\u00e9guli\u00e8rement mise \u00e0 jour sur le La 3\u00e8me \u00e9dition du colloque Build Connect, organis\u00e9 par le P\u00f4le de Comp\u00e9titivit\u00e9 Fibres-Energivie, se tiendra \u00e0 Strasbourg les 28 et 29 Novembre 2018. A cette occasion, MANASLU, repr\u00e9sent\u00e9 par David CORGIER, participera au cours de 2 tables rondes organis\u00e9e le 28 novembre au matin. Success or failure of new businesses is what most studies related to the start-up process focus on. However, in todays dynamic market, time is a highly critical issue for nascent entrepreneurs. Intervention de Christ\u00e8le Assegond et pr\u00e9sentation des images film\u00e9es de Nadine Michau-Membre du Comex en charge des Ressources Humaines-ICADE  Le 10 avril 2009, le SIVOM du Pays des Maures et du Golfe de Saint-Tropez, pr\u00e9sid\u00e9 par Jacques SENEQUIER, inaugurait, en pr\u00e9sence des \u00e9lus et des professionnels de Provence-Alpes-C\u00f4te dAzur, son parc \u00e0 bois dot\u00e9 d un tout nouvel hangar construit en bois local, sur la commune de La M\u00f4le dans le Var. <img decoding=\"async\" src=\"http:\/\/www.construction21.eu\/france\/data\/sources\/users\/2548\/images\/imgu-generalslider.jpg\" alt=\"5\u00e8me rencontre de la performance \u00e9nerg\u00e9tique\" align=\"right\"> pouvez demander \u00e0 voir les factures des pr\u00e9c\u00e9dents occupants ou \u00e0 d\u00e9faut faire <img decoding=\"async\" src=\"http:\/\/catalogue.gazette-drouot.com\/images\/perso\/phare\/VENTE\/85\/81774\/couvoger.jpg\" alt=\"5\u00e8me rencontre de la performance \u00e9nerg\u00e9tique\" align=\"right\"> Vous pouvez vous appuyez sur en adaptant les donn\u00e9es \u00e0 votre cas afin de faire une estimation th\u00e9orique de la consommation \u00e9nerg\u00e9tique de votre logement \u00e0 partir des r\u00e9sultats chiffr\u00e9s du DPE. Une exposition Sud et une r\u00e9gion ensoleill\u00e9e pourront favoriser les apports solaires passifs et des montants de facture \u00e0 la baisse.<\/p>\n","protected":false},"excerpt":{"rendered":"<p>5\u00e8me rencontre de la performance \u00e9nerg\u00e9tique<\/p>\n","protected":false},"author":1,"featured_media":0,"comment_status":"closed","ping_status":"closed","sticky":false,"template":"","format":"standard","meta":{"zakra_page_container_layout":"customizer","zakra_page_sidebar_layout":"customizer","zakra_remove_content_margin":false,"zakra_sidebar":"customizer","zakra_transparent_header":"customizer","zakra_logo":0,"zakra_main_header_style":"default","zakra_menu_item_color":"","zakra_menu_item_hover_color":"","zakra_menu_item_active_color":"","zakra_menu_active_style":"","zakra_page_header":true,"footnotes":""},"categories":[1],"tags":[],"_links":{"self":[{"href":"https:\/\/www.urwshop.net\/forum\/wp-json\/wp\/v2\/posts\/4337"}],"collection":[{"href":"https:\/\/www.urwshop.net\/forum\/wp-json\/wp\/v2\/posts"}],"about":[{"href":"https:\/\/www.urwshop.net\/forum\/wp-json\/wp\/v2\/types\/post"}],"author":[{"embeddable":true,"href":"https:\/\/www.urwshop.net\/forum\/wp-json\/wp\/v2\/users\/1"}],"replies":[{"embeddable":true,"href":"https:\/\/www.urwshop.net\/forum\/wp-json\/wp\/v2\/comments?post=4337"}],"version-history":[{"count":1,"href":"https:\/\/www.urwshop.net\/forum\/wp-json\/wp\/v2\/posts\/4337\/revisions"}],"predecessor-version":[{"id":4338,"href":"https:\/\/www.urwshop.net\/forum\/wp-json\/wp\/v2\/posts\/4337\/revisions\/4338"}],"wp:attachment":[{"href":"https:\/\/www.urwshop.net\/forum\/wp-json\/wp\/v2\/media?parent=4337"}],"wp:term":[{"taxonomy":"category","embeddable":true,"href":"https:\/\/www.urwshop.net\/forum\/wp-json\/wp\/v2\/categories?post=4337"},{"taxonomy":"post_tag","embeddable":true,"href":"https:\/\/www.urwshop.net\/forum\/wp-json\/wp\/v2\/tags?post=4337"}],"curies":[{"name":"wp","href":"https:\/\/api.w.org\/{rel}","templated":true}]}}