{"id":4371,"date":"2020-06-27T13:56:37","date_gmt":"2020-06-27T13:56:37","guid":{"rendered":"http:\/\/www.urwshop.net\/forum\/?p=4371"},"modified":"2020-06-23T02:24:30","modified_gmt":"2020-06-23T02:24:30","slug":"rencontre-management-durable","status":"publish","type":"post","link":"https:\/\/www.urwshop.net\/forum\/2020\/06\/27\/rencontre-management-durable\/","title":{"rendered":"Rencontre Management Durable"},"content":{"rendered":"<p>Jai appris plein de choses. C\u00e9tait un vrai bonheur, une ann\u00e9e extraordinaire m\u00eame si on a beaucoup boss\u00e9, Virginie Elle occupe aujourdhui le poste de directrice RSE et accompagne la Direction G\u00e9n\u00e9rale de lentreprise dans sa strat\u00e9gie de D\u00e9veloppement Durable.   LIET Institut de lEnvironnement et des Technologies a pour mission de former et d\u00e9duquer les futurs professionnels de l\u00e9conomie verte. Afin de vous abonner et pour des raisons de s\u00e9curit\u00e9, votre navigateur doit accepter les cookies et le JavaScript. Th\u00e9matique du vendredi 23 septembre : Pourquoi une charte de d\u00e9veloppement durable en entreprise? 62 Minist\u00e8re de l \u00e9cologie et du D\u00e9veloppement Durable Minist\u00e8re de l \u00e9quipement, des Transports, d http:www.iseam.commanagement_developpement_durable.htm Aujourdhui, la soci\u00e9t\u00e9 am\u00e8ne le progr\u00e8s vers le d\u00e9veloppement durable. Les citoyens prennent conscience de limportance des actions individuelles et collectives. Concilier plan\u00e8te et \u00e9conomie, deux acteurs aux int\u00e9r\u00eats parfois divergents Cest un signe soci\u00e9tal fort. Les internautes disent que la situation est meilleure, ils risquent de vouloir quelle perdure. Les indicateurs ne sont pas tant les d\u00e9cisions gouvernementales, mais plut\u00f4t ce que pensent et font les populations. Grenoble Ecole de Management via sa chaire Femmes Renouveau \u00e9conomique et LIncubateur Les Prem1\u00e8res Auvergne Rh\u00f4ne-Alpes lancent un nouvel incubateur mobile et d\u00e9di\u00e9 aux femmes is\u00e9roises : GEM Les Prem1\u00e8res 48 Pour une pr\u00e9sentation, voir le num\u00e9ro sp\u00e9cial de la Revue juridique de lenvironnement sur La Co Nous utilisons des cookies pour nous permettre de mieux comprendre comment le site est utilis\u00e9. En continuant \u00e0 utiliser ce site, vous acceptez cette politique. Please enter your e-mail address below, and we will e-mail instructions for setting a new password. 2e s\u00e9minaire sup de lencadrement : bien-\u00eatre au travail, management durable, gouvernance responsable Le parcours IMEDD est enregistr\u00e9 au R\u00e9pertoire National des Certifications Professionnelles RNCP sous le num\u00e9ro et est \u00e9ligible de ce fait aux financements de la formation professionnelle. <img decoding=\"async\" src=\"http:\/\/www.terresdelorraine.org\/globalflexit\/images\/img_base\/actualites\/1920_1080_1_rnpat.jpg\" alt=\"rencontre management durable\" align=\"center\"> Comment mettre en \u0153uvre une supply chain durable?-Kedge Business School <img decoding=\"async\" src=\"http:\/\/4.bp.blogspot.com\/_UrTgKlPY2UA\/SwrS9-yQClI\/AAAAAAAAD30\/e8TCNGMm0IE\/s320\/DSC_0015.JPG\" alt=\"rencontre management durable\" align=\"center\"> <img decoding=\"async\" src=\"http:\/\/birdeo.com\/wp-content\/uploads\/2018\/06\/Logo_Flottes_Auto_Mobility_Management_530x350.png\" alt=\"rencontre management durable\" align=\"right\"> Agissant tout autant sur la pr\u00e9servation et la restauration de la biodiversit\u00e9, le soutien \u00e0 une alimentation saine et respectueuse de lenvironnement, la promotion de mod\u00e8les \u00e9conomiques plus responsables, limplication des habitants et laccompagnement aux changements de comportements en soutenant en particulier les plus vuln\u00e9rables, la commune est devenue en quelques ann\u00e9es, un territoire d\u00e9monstrateur du changement d\u00e9chelle de la transition reconnu sur le territoire national et au-del\u00e0. Entreprises : vous pouvez verser votre solde de taxe dapprentissage \u00e0 IFP School jusquau 30 juin 2020. Lapplication du d\u00e9veloppement durable au cadre b\u00e2ti dans lespace.. By Jean Hetzel, Stella Kyvelou, Maro Sinou, Kazuo Iwamura C.P. : Nous travaillons sur ce sujet en \u00e9troite relation avec le gouvernement mais aussi avec des partenaires ext\u00e9rieurs pour r\u00e9duire le plus possible les zones blanches. Il y a un travail qui est fait pour proposer des solutions techniques l\u00e0 ou il nest pas possible damener la fibre. Avec la crise, certains jeunes qui veulent faire leurs devoirs ne peuvent m\u00eame pas les t\u00e9l\u00e9charger. Les autres op\u00e9rateurs essayent eux aussi de trouver des solutions. Nous ne sommes pas les seuls \u00e0 nous pencher sur ce probl\u00e8me.  Atelier n1 : cr\u00e9ateurs demplois en coop\u00e9ratives de salari\u00e9s.<\/p>\n","protected":false},"excerpt":{"rendered":"<p>rencontre management durable<\/p>\n","protected":false},"author":1,"featured_media":0,"comment_status":"closed","ping_status":"closed","sticky":false,"template":"","format":"standard","meta":{"zakra_page_container_layout":"customizer","zakra_page_sidebar_layout":"customizer","zakra_remove_content_margin":false,"zakra_sidebar":"customizer","zakra_transparent_header":"customizer","zakra_logo":0,"zakra_main_header_style":"default","zakra_menu_item_color":"","zakra_menu_item_hover_color":"","zakra_menu_item_active_color":"","zakra_menu_active_style":"","zakra_page_header":true,"footnotes":""},"categories":[1],"tags":[],"_links":{"self":[{"href":"https:\/\/www.urwshop.net\/forum\/wp-json\/wp\/v2\/posts\/4371"}],"collection":[{"href":"https:\/\/www.urwshop.net\/forum\/wp-json\/wp\/v2\/posts"}],"about":[{"href":"https:\/\/www.urwshop.net\/forum\/wp-json\/wp\/v2\/types\/post"}],"author":[{"embeddable":true,"href":"https:\/\/www.urwshop.net\/forum\/wp-json\/wp\/v2\/users\/1"}],"replies":[{"embeddable":true,"href":"https:\/\/www.urwshop.net\/forum\/wp-json\/wp\/v2\/comments?post=4371"}],"version-history":[{"count":1,"href":"https:\/\/www.urwshop.net\/forum\/wp-json\/wp\/v2\/posts\/4371\/revisions"}],"predecessor-version":[{"id":4372,"href":"https:\/\/www.urwshop.net\/forum\/wp-json\/wp\/v2\/posts\/4371\/revisions\/4372"}],"wp:attachment":[{"href":"https:\/\/www.urwshop.net\/forum\/wp-json\/wp\/v2\/media?parent=4371"}],"wp:term":[{"taxonomy":"category","embeddable":true,"href":"https:\/\/www.urwshop.net\/forum\/wp-json\/wp\/v2\/categories?post=4371"},{"taxonomy":"post_tag","embeddable":true,"href":"https:\/\/www.urwshop.net\/forum\/wp-json\/wp\/v2\/tags?post=4371"}],"curies":[{"name":"wp","href":"https:\/\/api.w.org\/{rel}","templated":true}]}}