{"id":4391,"date":"2020-06-27T03:49:39","date_gmt":"2020-06-27T03:49:39","guid":{"rendered":"http:\/\/www.urwshop.net\/forum\/?p=4391"},"modified":"2020-06-23T02:37:14","modified_gmt":"2020-06-23T02:37:14","slug":"rencontre-litteraire-monaco","status":"publish","type":"post","link":"https:\/\/www.urwshop.net\/forum\/2020\/06\/27\/rencontre-litteraire-monaco\/","title":{"rendered":"Rencontre Litt\u00e9raire Monaco"},"content":{"rendered":"<p>Contamin\u00e9 par le Covid-19 \u00e0 la mi-avril, le photographe et r\u00e9alisateur Yann Arthus-Bertrand a men\u00e9 un vrai combat. Sest confi\u00e9 \u00e0 LYonne R\u00e9publique sur son \u00e9tat de sant\u00e9: \u00c7a va mieux, mais jai pass\u00e9 une tr\u00e8s mauvaise semaine o\u00f9 jai beaucoup dormi. Je nai pas mang\u00e9, ayant perdu le go\u00fbt et lodorat. Javais perdu six kilos que jai repris. Pour militant \u00e9cologiste, la pand\u00e9mie est li\u00e9e au m\u00e9pris de lenvironnement: Le vrai probl\u00e8me, ce sont les \u00e9levages industriels Si on navait pas propos\u00e9 \u00e0 la vente des chauves-souris dans les march\u00e9s, il ny aurait pas eu de coronavirus. <img decoding=\"async\" src=\"http:\/\/www.monacohebdo.mc\/wp-content\/uploads\/2018\/03\/Livre-Education-iSt-671101136-700x405.jpg\" alt=\"rencontre litt\u00e9raire monaco\" align=\"left\"> Avec la participation du CRR de Nice, l\u00e9cole de musique de Grasse et Roquebrune Cap Martin, le Conservatoire de Menton et des \u00e9l\u00e8ves de lAcad\u00e9mie Rainier III. <img decoding=\"async\" src=\"http:\/\/i.skyrock.net\/7401\/79597401\/pics\/3263577864_1_11_rMtEy9Cs.jpg\" alt=\"rencontre litt\u00e9raire monaco\" align=\"right\"> Grand sp\u00e9cialiste du monde kanak, ce passionn\u00e9 danthropologie vient d\u00eatre nomm\u00e9 \u00e0 la t\u00eate du mus\u00e9e du Quai Branly. Portrait dun humaniste. Toutes ces expositions sont indigestes. Il faut que les enfants de Grace et Rainier de Monaco s\u00e9mancipent.  Nous utilisons des cookies pour vous garantir la meilleure exp\u00e9rience sur notre site. Si vous continuez \u00e0 utiliser ce dernier, nous consid\u00e9rerons que vous acceptez lutilisation des cookies. 2012 : marraine du 17e RGP \u00e0 Montauban d\u00e9partement de Tarn-et-Garonne, France. A lordre du jour de cette s\u00e9ance : Examen des subventions \u00e0 allouer aux Associations artistiques, culturelles, r\u00e9cr\u00e9atives, de tradition et diverses ; Modification dorganigramme ; C.C.I.N. Pour la mise en oeuvre du traitement automatis\u00e9 dinformations nominatives ayant pour finalit\u00e9 :-la Liste Electorale-le syst\u00e8me de vid\u00e9osurveillance de la boutique et de la billetterie du Jardin Exotique de Monaco; et Questions diverses. Julien Lepers a annonc\u00e9 sur Twitter quil avait \u00e9t\u00e9 tr\u00e8s malade ces derniers jours. Depuis neuf jours, je me tra\u00eene, jai attrap\u00e9 ce \u00e0 quoi tout le monde pense. C\u00e9tait \u00e0 mon avis \u00e0 Vincennes, au cours dune animation que jai faite l\u00e0-bas il y a neuf jours. Je ne mange pas, je nai pas tr\u00e8s tr\u00e8s faim, donc jai perdu du poids. Je ne tousse pas, je nai pas de fi\u00e8vre, a racont\u00e9 lanimateur de 70 ans. Avant de revenir sur ses propos ce mercredi en fin de journ\u00e9e : Les amis juste pour clarifier ma situation, a-t-il d\u00e9clar\u00e9 sur Twitter. Je me sens mieux aujourdhui et je ne suis pas s\u00fbr \u00e0 100 davoir \u00e9t\u00e9 atteint du virus. Mes sympt\u00f4mes n\u00e9taient pas extr\u00eamement graves au point de me faire tester et je nai pas voulu prendre une place dh\u00f4pital pour rien.  This website uses cookies to improve your experience while you navigate through the website. Out of these cookies, the cookies that are categorized as necessary are stored on your browser as they are essential for the working of basic functionalities of the website. We also use third-party cookies that help us analyze and understand how you use this website. These cookies will be stored in your browser only with your consent. You also have the option to opt-out of these cookies. But opting out of some of these cookies may have an effect on your browsing experience. Votre adresse de messagerie est uniquement utilis\u00e9e pour vous envoyer notre newsletter. M\u00e9diath\u00e8que de Monaco-Sonoth\u00e8que Jos\u00e9 Notari-19 bd Princesse Charlotte Horaires : Printemps des Arts de Monaco 2020-Rencontre avec Jean-Jacques Nattiez Lacteur am\u00e9ricain Allen Garfield sest \u00e9teint le 7 avril \u00e0 l\u00e2ge de 80 ans, des suites du Covid-19. Le natif du New Jersey \u00e9tait apparu dans les films Conversation secr\u00e8te de Francis Ford Coppola et Nashville de Robert Altman. Sa partenaire d\u00e9cran, lactrice Ronee Blakley a annonc\u00e9 son d\u00e9c\u00e8s sur les r\u00e9seaux sociaux: Repose en paix Allen Garfield, lacteur fantastique qui a jou\u00e9 mon mari dans Nashville est mort aujourdhui du Covid. Je suis en larmes. Toutes mes condol\u00e9ances \u00e0 sa famille et ses amis Daccord avec vous, Muscate, cette photo dune robe fant\u00f4matique me para\u00eet du dernier mauvais go\u00fbt! et si lon veut parler de histoire dune rencontre contentons nous de la deuxi\u00e8me photo, o\u00f9 l\u00e0, oui on peut parler de rencontre! Annette Blier, la veuve de lacteur Bernard Blier disparu en 89, sest \u00e9teinte le 21 avril \u00e0 l\u00e2ge de 84 ans \u00e0 Pontarlier Doubs. Selon la presse r\u00e9gionale, Mme Blier serait d\u00e9c\u00e9d\u00e9e des suites du coronavirus, une information qui na \u00e9t\u00e9 confirm\u00e9e ni par lEhpad o\u00f9 elle r\u00e9sidait, ni par lh\u00f4pital o\u00f9 elle sest \u00e9teinte, pr\u00e9cise Le Figaro. Dabord mari\u00e9 \u00e0 Gis\u00e8le Brunet, Bernard Blier avait rencontr\u00e9 Annette Martin en 1961, lorsque l\u00e9quipe du film Le Septi\u00e8me Jur\u00e9 avait s\u00e9journ\u00e9 dans lh\u00f4tel tenu par les parents de la jeune femme. Ils s\u00e9taient mari\u00e9s en 1965. Mon papa est mort ce matin du coronavirus.. Merci dhonor\u00e9 sa m\u00e9moire. Cest une grande l\u00e9gende du Soukouss que le peuple congolais perd aujourdhui. Je suis inconsolable et effondr\u00e9e. Mon papa que jaime tant.. Aurlus Mabele.. 2011-2016 BELI-Belinda Bussotti-Tous droits r\u00e9serv\u00e9s Annecy 2007, Centre Culturel Canadien, Centre de Desenvolupament Audiovisual CDA, CNC, Fond daction franco am\u00e9ricain, Frankfurt Book Fair, ICIC, JETRO, Shibuya International, Swiss Film. Prix du Meilleur Roman Adaptable Th\u00e8me : Biographies Autobiographies Jury de Pr\u00e9s\u00e9lection M\u00e9diath\u00e8que de Monaco-Biblioth\u00e8que Louis Notari-8, rue Louis Notari Horaires : <img decoding=\"async\" src=\"http:\/\/www.duschdrakperiet.cf\/11087-home_default\/coque-huawei-p10-je-suis-au-bout-de-ma-vie.jpg\" alt=\"rencontre litt\u00e9raire monaco\" align=\"center\">  Vous pouvez retrouver nos et sur www.bnf.fr. Pour contacter un biblioth\u00e9caire \u00e0 distance par tchat ou mail, merci dutiliser le service. Picnic Music : The Pogues, Live \u00e0 lOlympia, Paris 2006 En partenariat avec la F\u00e9d\u00e9ration Mon\u00e9gasque de Mod\u00e9lisme et la soci\u00e9t\u00e9 MC Clic. Depuis, elle est pr\u00e9sidente du conseil dadministration et du conseil litt\u00e9raire de la., Le Royaume de Bavi\u00e8re. Volume III, La Principaut\u00e9 de Monaco, collection Les Manuscrits du C\u00e8dre. Dictionnaire historique et g\u00e9n\u00e9alogique, CEDRE Cercle d\u00e9tudes des dynasties royales europ\u00e9ennes, 289 pages, avril .<\/p>\n","protected":false},"excerpt":{"rendered":"<p>rencontre litt\u00e9raire monaco<\/p>\n","protected":false},"author":1,"featured_media":0,"comment_status":"closed","ping_status":"closed","sticky":false,"template":"","format":"standard","meta":{"zakra_page_container_layout":"customizer","zakra_page_sidebar_layout":"customizer","zakra_remove_content_margin":false,"zakra_sidebar":"customizer","zakra_transparent_header":"customizer","zakra_logo":0,"zakra_main_header_style":"default","zakra_menu_item_color":"","zakra_menu_item_hover_color":"","zakra_menu_item_active_color":"","zakra_menu_active_style":"","zakra_page_header":true,"footnotes":""},"categories":[1],"tags":[],"_links":{"self":[{"href":"https:\/\/www.urwshop.net\/forum\/wp-json\/wp\/v2\/posts\/4391"}],"collection":[{"href":"https:\/\/www.urwshop.net\/forum\/wp-json\/wp\/v2\/posts"}],"about":[{"href":"https:\/\/www.urwshop.net\/forum\/wp-json\/wp\/v2\/types\/post"}],"author":[{"embeddable":true,"href":"https:\/\/www.urwshop.net\/forum\/wp-json\/wp\/v2\/users\/1"}],"replies":[{"embeddable":true,"href":"https:\/\/www.urwshop.net\/forum\/wp-json\/wp\/v2\/comments?post=4391"}],"version-history":[{"count":1,"href":"https:\/\/www.urwshop.net\/forum\/wp-json\/wp\/v2\/posts\/4391\/revisions"}],"predecessor-version":[{"id":4392,"href":"https:\/\/www.urwshop.net\/forum\/wp-json\/wp\/v2\/posts\/4391\/revisions\/4392"}],"wp:attachment":[{"href":"https:\/\/www.urwshop.net\/forum\/wp-json\/wp\/v2\/media?parent=4391"}],"wp:term":[{"taxonomy":"category","embeddable":true,"href":"https:\/\/www.urwshop.net\/forum\/wp-json\/wp\/v2\/categories?post=4391"},{"taxonomy":"post_tag","embeddable":true,"href":"https:\/\/www.urwshop.net\/forum\/wp-json\/wp\/v2\/tags?post=4391"}],"curies":[{"name":"wp","href":"https:\/\/api.w.org\/{rel}","templated":true}]}}