{"id":4495,"date":"2020-06-27T01:47:42","date_gmt":"2020-06-27T01:47:42","guid":{"rendered":"http:\/\/www.urwshop.net\/forum\/?p=4495"},"modified":"2020-06-23T04:31:35","modified_gmt":"2020-06-23T04:31:35","slug":"30eme-rencontre-annuelle-des-musulmans-de-france-2013","status":"publish","type":"post","link":"https:\/\/www.urwshop.net\/forum\/2020\/06\/27\/30eme-rencontre-annuelle-des-musulmans-de-france-2013\/","title":{"rendered":"30\u00e8me Rencontre Annuelle Des Musulmans De France 2013"},"content":{"rendered":"<p>Nous allons vers une grande catastrophe, un terrorisme qui va prendre une ampleur jamais imagin\u00e9e en France, \u00e0 cause de la connivence entre les gouvernements successifs et lislam le plus radical. Pour information, voici une vid\u00e9o de moins de 5 minutes qui r\u00e9sume la nature, lorigine et les affiliations de lUOIF, consid\u00e9r\u00e9e comme terroriste par 81 organisations dans le monde : https:www.youtube.comwatch?vxLZq2XaL5yo Cette vid\u00e9o montre que lUOIF, proche des fr\u00e8res musulmans, prend sa source dans lislamisme des fr\u00e8res musulmans et dans le nazisme, qui ont collabor\u00e9 en 1941. Allons nous tol\u00e9rer encore longtemps que des musulmans n\u00e9o-nazis, sous couvert de vivre ensemble diffusent des id\u00e9es int\u00e9gristes et antis\u00e9mites en France? Broadcast Lite WordPress Theme lovingly built by.  <img decoding=\"async\" src=\"http:\/\/urbexsession.com\/wp-content\/uploads\/2016\/02\/urbex-meet-3-1-1024x927.jpg\" alt=\"30\u00e8me rencontre annuelle des musulmans de france 2013\" align=\"center\"> Le r\u00e9volution industrielle cr\u00e9a un fort bouleversement : alors quil avait fallu attendre des mill\u00e9naires \u00e0 la population mondiale pour atteindre le milliard dindividus, celle-ci a doubl\u00e9 et donc d\u00e9pass\u00e9 les 2 milliards en \u00e0 peine 130 ans 1930, puis 3 milliards en 30 ans 1960, 4 milliards apr\u00e8s 15 autres ann\u00e9es 1974 et 5 milliards en seulement 13 ans 1987.  Anniversaire oblige, lUOIF table sur un nombre de visiteurs aussi important quen 2012 160 000 dont elle dit vouloir assurer leur bien-\u00eatre. A cet effet, ce ne seront plus deux mais trois soci\u00e9t\u00e9s de gardiennage qui seront charg\u00e9es de la s\u00e9curit\u00e9 mais aussi demp\u00eacher ceux, tr\u00e8s nombreux, qui voudront collecter de largent sans accr\u00e9ditation aux entr\u00e9es et sorties du Parc des expositions du Bourget. Quel avenir pour lislam? Rencontre avec Gilles Kepel Enter the email address you signed up with and well email you a reset link. Un vent dislam politique parcourra dimanche les all\u00e9es du parc des expositions de Marseille. Le complexe Chanot accueille la 16\u00e8me \u00e9dition de la Rencontre annuelle des musulmans du sud. Un \u00e9v\u00e9nement \u00e0 linitiative des Musulmans de France MF anciennement Union des organisations islamiques en France UOIF qui nest autre que la vitrine fran\u00e7aise des Fr\u00e8res musulmans. Lav\u00e8nement dune soci\u00e9t\u00e9 islamique Vous ne pouvez plus r\u00e9agir aux articles suite \u00e0 la soumission de contributions ne r\u00e9pondant pas \u00e0 la charte de mod\u00e9ration du Point. Cette r\u00e9alit\u00e9 devrait se refl\u00e9ter dans les prises de parole. Sans nouvelle dynamique initi\u00e9e \u00e0 Musulmans de France MF, les conditions dun ancrage quotidien avec la communaut\u00e9 musulmane qui puisse \u00e0 son tour f\u00e9d\u00e9rer plus de public au moment de la RAMF ne seront pas r\u00e9unies.  24 Communiqu\u00e9 de presse de lUAM 93, 17122013. RAMF 2013 La 30\u00e8me \u00e9dition en images! RAMF 2013 La 30\u00e8me \u00e9dition en images! <img decoding=\"async\" src=\"http:\/\/www.durrantgs.tk\/wp-content\/uploads\/2018\/07\/rassemblement-national-rn-fn-saisie-dotation-324x235.jpg\" alt=\"30\u00e8me rencontre annuelle des musulmans de france 2013\" align=\"left\"> 5Lislam local, devenu visible dans lespace public dans le courant des ann\u00e9es 1990, sest organis\u00e9 autour du d\u00e9veloppement des lieux de culte et des acteurs musulmans et sinscrit dans une sociod\u00e9mographie sp\u00e9cifique et un territoire particulier par son histoire. Alors que limplantation du bouddhisme est r\u00e9cente en France, sa couverture m\u00e9diatique a \u00e9t\u00e9 relativement rapide m\u00eame si celle-ci ne rend pas toujours compte de sa r\u00e9alit\u00e9, de sa complexit\u00e9, de sa pluralit\u00e9. Envoyer \u00e0 ladresse e-mail Votre nom Votre adresse e-mail Rencontre annuelle des musulmans du sud : un raout dans lombre des Fr\u00e8res musulmans This website uses cookies to improve your experience while you navigate through the website. Out of these cookies, the cookies that are categorized as necessary are stored on your browser as they are as essential for the working of basic functionalities of the website. We also use third-party cookies that help us analyze and understand how you use this website. These cookies will be stored in your browser only with your consent. You also have the option to opt-out of these cookies. But opting out of some of these cookies may have an effect on your browsing experience. <img decoding=\"async\" src=\"http:\/\/www.pageshalal.fr\/images\/1390370374_dr.jpg\" alt=\"30\u00e8me rencontre annuelle des musulmans de france 2013\" align=\"left\"> Vous devez \u00eatre abonn\u00e9 pour ajouter un article \u00e0 votre classeur.<\/p>\n","protected":false},"excerpt":{"rendered":"<p>30\u00e8me rencontre annuelle des musulmans de france 2013<\/p>\n","protected":false},"author":1,"featured_media":0,"comment_status":"closed","ping_status":"closed","sticky":false,"template":"","format":"standard","meta":{"zakra_page_container_layout":"customizer","zakra_page_sidebar_layout":"customizer","zakra_remove_content_margin":false,"zakra_sidebar":"customizer","zakra_transparent_header":"customizer","zakra_logo":0,"zakra_main_header_style":"default","zakra_menu_item_color":"","zakra_menu_item_hover_color":"","zakra_menu_item_active_color":"","zakra_menu_active_style":"","zakra_page_header":true,"footnotes":""},"categories":[1],"tags":[],"_links":{"self":[{"href":"https:\/\/www.urwshop.net\/forum\/wp-json\/wp\/v2\/posts\/4495"}],"collection":[{"href":"https:\/\/www.urwshop.net\/forum\/wp-json\/wp\/v2\/posts"}],"about":[{"href":"https:\/\/www.urwshop.net\/forum\/wp-json\/wp\/v2\/types\/post"}],"author":[{"embeddable":true,"href":"https:\/\/www.urwshop.net\/forum\/wp-json\/wp\/v2\/users\/1"}],"replies":[{"embeddable":true,"href":"https:\/\/www.urwshop.net\/forum\/wp-json\/wp\/v2\/comments?post=4495"}],"version-history":[{"count":1,"href":"https:\/\/www.urwshop.net\/forum\/wp-json\/wp\/v2\/posts\/4495\/revisions"}],"predecessor-version":[{"id":4496,"href":"https:\/\/www.urwshop.net\/forum\/wp-json\/wp\/v2\/posts\/4495\/revisions\/4496"}],"wp:attachment":[{"href":"https:\/\/www.urwshop.net\/forum\/wp-json\/wp\/v2\/media?parent=4495"}],"wp:term":[{"taxonomy":"category","embeddable":true,"href":"https:\/\/www.urwshop.net\/forum\/wp-json\/wp\/v2\/categories?post=4495"},{"taxonomy":"post_tag","embeddable":true,"href":"https:\/\/www.urwshop.net\/forum\/wp-json\/wp\/v2\/tags?post=4495"}],"curies":[{"name":"wp","href":"https:\/\/api.w.org\/{rel}","templated":true}]}}