{"id":4615,"date":"2020-06-27T16:35:34","date_gmt":"2020-06-27T16:35:34","guid":{"rendered":"http:\/\/www.urwshop.net\/forum\/?p=4615"},"modified":"2020-06-23T06:28:49","modified_gmt":"2020-06-23T06:28:49","slug":"rencontres-ademe","status":"publish","type":"post","link":"https:\/\/www.urwshop.net\/forum\/2020\/06\/27\/rencontres-ademe\/","title":{"rendered":"Rencontres Ademe"},"content":{"rendered":"<p>Val\u00e9rie LAPLAGNE, Responsable chaleur renouvelable, UNICLIMA <img decoding=\"async\" src=\"http:\/\/p.calameoassets.com\/180720160031-d1a50df3831b3061083959b017504415\/p1.jpg\" alt=\"rencontres ademe\" align=\"left\"> Le cluster participe aux rencontres de l\u00e9conomie circulaire organis\u00e9es par la Objectifs de ces rencontres :  En compl\u00e9ment du programme pr\u00e9par\u00e9 par la DGE, Grenoble Alpes M\u00e9tropole et le service \u00e9conomique de lAmbassade de France au Japon, une partie de la d\u00e9l\u00e9gation japonaise a profit\u00e9 de son s\u00e9jour en r\u00e9gion Auvergne-Rh\u00f4ne-Alpes pour \u00e9tendre sa mission sur une 3 \u00e8me journ\u00e9e, \u00e0 Lyon, organis\u00e9e avec lappui du Grand Lyon et du bureau NEDO Europe. Le 13 f\u00e9vrier, les repr\u00e9sentants du METI et de quelques entreprises japonaises ont ainsi pu visiter le quartier intelligent Hikari \u00e0 Lyon Confluence financement NEDO, technologies Toshiba et rencontrer plusieurs acteurs lyonnais de la transition \u00e9nerg\u00e9tique et de la ville intelligente. 09h15 : Ma d\u00e9marche EIT en 180 secondes-3 interventions. Une communication portant sur plus de 150 r\u00e9sultats de recherche. S\u00e9lectionn\u00e9s \u00e0 lissue dun appel \u00e0 communications, plus de 150 r\u00e9sultats de recherche seront pr\u00e9sent\u00e9s par leurs auteurs dans 8 domaines : Pour rechercher une expression exacte, la mettre entre guillemets 10h30-12h : S\u00e9quence 1-Objectifs et priorit\u00e9s d\u00e9chets-\u00e9conomie circulaire dans la r\u00e9gion Grand Est Parole dExpert : 30 minutes pour comprendre larticulation entre les principaux outils de planification : PCAET-PLUi ScoT, SRADDET etc. Cet \u00e9v\u00e9nement est le rendez-vous incontournable de ces r\u00e9seaux. Il aura lieu \u00e0 Angers le mercredi 11 septembre 2019.  Eau et \u00e9nergie : comment r\u00e9duire la facture des communes? 24 octobre 1\u00e8res rencontres des territoires en transition Qualit\u00e9 de lair int\u00e9rieur et mat\u00e9riaux biosourc\u00e9s-aux chercheurs dorganismes publics et priv\u00e9s, de toutes les disciplines qui sint\u00e9ressent \u00e0 la gestion des sites et sols pollu\u00e9s, <img decoding=\"async\" src=\"http:\/\/www.stasjh.tk\/19634\/gold-color-metal-bracelet-set-with-rhinestones-l19-cm-the-best-collection-chic-76036.jpg\" alt=\"rencontres ademe\" align=\"right\"> Il devient donc essentiel de mesurer limpact des mat\u00e9riaux de construction pour r\u00e9duire limpact de ce secteur.  <img decoding=\"async\" src=\"http:\/\/www.enviro2b.com\/wp-content\/uploads\/2009\/10\/ADERE.JPG\" alt=\"rencontres ademe\" align=\"center\"> dAvenir g\u00e9r\u00e9s par lADEME depuis 2010 a permis, gr\u00e2ce \u00e0 5 appels \u00e0 projets, le Les ports pourront-ils rester longtemps hors \u00e9nergies renouvelables? Urbaniste de formation et fonctionnaire territorial \u00e0 la m\u00e9tropole bordelaise depuis plus de 8 ans, C\u00e9line Gerbeau-Morin a eu en charge en tant que chef de projet et am\u00e9nageur le pilotage de deux ZAC en r\u00e9gie et la mise en \u0153uvre de nombreuses \u00e9tudes pr\u00e9 op\u00e9rationnelles en vue de l\u00e9laboration et du montage de projets urbains n\u00e9goci\u00e9s. Auparavant en charge de la mise en place dun agenda 21 communal, elle a toujours eu un regard et un int\u00e9r\u00eat particulier pour toutes les d\u00e9marches en faveur dun urbanisme durable, respectueux des enjeux \u00e9cologiques, environnementaux, sociaux et en termes de sant\u00e9 humaine. Aujourdhui dans le cadre de ses nouvelles fonctions depuis janvier 2016, elle met en \u0153uvre une vision globale du d\u00e9veloppement urbain de la M\u00e9tropole impliquant une r\u00e9flexion sur la r\u00e9silience des territoires soumis aux risques naturels et sur un am\u00e9nagement prenant en compte les services \u00e9co syst\u00e9miques au profit dune valorisation du cadre de vie. LADEME organise les Rencontres Nationales du r\u00e9seau EIEPTRE, membres du r\u00e9seau FAIRE. Les membres du r\u00e9seau B\u00e2timent Durable sont \u00e9galement invit\u00e9s.<\/p>\n","protected":false},"excerpt":{"rendered":"<p>rencontres ademe<\/p>\n","protected":false},"author":1,"featured_media":0,"comment_status":"closed","ping_status":"closed","sticky":false,"template":"","format":"standard","meta":{"zakra_page_container_layout":"customizer","zakra_page_sidebar_layout":"customizer","zakra_remove_content_margin":false,"zakra_sidebar":"customizer","zakra_transparent_header":"customizer","zakra_logo":0,"zakra_main_header_style":"default","zakra_menu_item_color":"","zakra_menu_item_hover_color":"","zakra_menu_item_active_color":"","zakra_menu_active_style":"","zakra_page_header":true,"footnotes":""},"categories":[1],"tags":[],"_links":{"self":[{"href":"https:\/\/www.urwshop.net\/forum\/wp-json\/wp\/v2\/posts\/4615"}],"collection":[{"href":"https:\/\/www.urwshop.net\/forum\/wp-json\/wp\/v2\/posts"}],"about":[{"href":"https:\/\/www.urwshop.net\/forum\/wp-json\/wp\/v2\/types\/post"}],"author":[{"embeddable":true,"href":"https:\/\/www.urwshop.net\/forum\/wp-json\/wp\/v2\/users\/1"}],"replies":[{"embeddable":true,"href":"https:\/\/www.urwshop.net\/forum\/wp-json\/wp\/v2\/comments?post=4615"}],"version-history":[{"count":1,"href":"https:\/\/www.urwshop.net\/forum\/wp-json\/wp\/v2\/posts\/4615\/revisions"}],"predecessor-version":[{"id":4616,"href":"https:\/\/www.urwshop.net\/forum\/wp-json\/wp\/v2\/posts\/4615\/revisions\/4616"}],"wp:attachment":[{"href":"https:\/\/www.urwshop.net\/forum\/wp-json\/wp\/v2\/media?parent=4615"}],"wp:term":[{"taxonomy":"category","embeddable":true,"href":"https:\/\/www.urwshop.net\/forum\/wp-json\/wp\/v2\/categories?post=4615"},{"taxonomy":"post_tag","embeddable":true,"href":"https:\/\/www.urwshop.net\/forum\/wp-json\/wp\/v2\/tags?post=4615"}],"curies":[{"name":"wp","href":"https:\/\/api.w.org\/{rel}","templated":true}]}}