{"id":4673,"date":"2020-06-27T10:45:59","date_gmt":"2020-06-27T10:45:59","guid":{"rendered":"http:\/\/www.urwshop.net\/forum\/?p=4673"},"modified":"2020-06-23T07:34:51","modified_gmt":"2020-06-23T07:34:51","slug":"rencontre-au-bal-des-pompiers","status":"publish","type":"post","link":"https:\/\/www.urwshop.net\/forum\/2020\/06\/27\/rencontre-au-bal-des-pompiers\/","title":{"rendered":"Rencontre Au Bal Des Pompiers"},"content":{"rendered":"<p>Mus\u00e9e des v\u00e9hicules anciens dObjat et pr\u00e9sence des collectionneurs de Treignac Les gendarmes sont intervenus mercredi soir, \u00e0 19h, sur un terrain priv\u00e9 dAvire.. Ce jeudi apr\u00e8s-midi, plus de 2000 personnes se sont rassembl\u00e9es \u00e0 Troyes, place.. <img decoding=\"async\" src=\"http:\/\/www.umgehenq.cf\/mediatheque\/Agenda%20des%20animations\/La%20Marolle%20en%20Sologne\/LMES%20130718.jpg\" alt=\"rencontre au bal des pompiers\" align=\"right\"> Hippodrome de Longchamp. 2, route des Tribunes XVIe. Le 14 juillet 2019 \u00e0 partir de 17h. Tarifs: \u00e0 partir de 5. Gratuit pour les moins de 18 ans. Bob Sinclar haut perch\u00e9 <img decoding=\"async\" src=\"http:\/\/img9.weemove.com\/ressources\/images\/evenement\/evenement_1198361\/flyer_1198361.jpg\" alt=\"rencontre au bal des pompiers\" align=\"left\"> Deux amies, travaillant dans lh\u00f4tellerie, voisines de la caserne S\u00e9vign\u00e9, se rendent comme chaque ann\u00e9e au Bal des Pompiers Comme la tradition lexige, lAmicale des sapeurs-pompiers de Lourdes pr\u00e9sid\u00e9e par \u00c9ric Gomez organise, demain, son bal pour la f\u00eate nationale du 14-Juillet. Place des Pyr\u00e9n\u00e9es, la f\u00eate commencera d\u00e8s 22 heures. DJ C\u00e9dric, du podium Aligator, animera toute la soir\u00e9e avec des tubes pour faire danser les Lourdais. Suite \u00e0 la d\u00e9cision du Gouvernement de restreindre au maximum les d\u00e9placements et limiter les contacts entre les personnes, lAssurance Maladie invite ses assur\u00e9s, pour toute demande ou d\u00e9marche, \u00e0 privil\u00e9gier les canaux d\u00e9mat\u00e9rialis\u00e9s de contact. Hier, en d\u00e9but dapr\u00e8s midi, un incendie sest d\u00e9clar\u00e9 \u00e0 Brillecourt canton de Ramerupt dans.. Ce plan durgence permet de soutenir les entreprises exportatrices face aux cons\u00e9quences imm\u00e9diates de la crise, notamment en s\u00e9curisant leur tr\u00e9sorerie, et dassurer leur rebond \u00e0 linternational apr\u00e8s la crise. Il sadresse en particulier aux et ETI, moteurs essentiels pour les fili\u00e8res industrielles dans les territoires. Il vient compl\u00e9ter les mesures durgence prises par le Gouvernement en soutien aux entreprises fran\u00e7aises. L\u00e9tat durgence suite aux attentats, se durcit encore pendant ce week end de la COP 21, la c..  LEtat a mis en place, avec les R\u00e9gions, un fonds de solidarit\u00e9 dot\u00e9 de 7 milliard deuros pour le mois de mars et davril qui permettra le versement dune aide d\u00e9fiscalis\u00e9e allant jusqu\u00e0 1500 euros volet 1 et 5000 euros volet 2 aux plus petites entreprises, aux ind\u00e9pendants, aux micro-entrepreneurs et aux professions lib\u00e9rales touch\u00e9s par la crise du coronavirus. Ce fonds sera maintenu autant que durera lurgence sanitaire. Plateforme STOPCOVID19.fr: avec la crise sanitaire li\u00e9e \u00e0 la pand\u00e9mie de Covid-19, les besoins en gel hydro-alcoolique, masques de protection et autres \u00e9quipements de protection ou de d\u00e9sinfection ont tr\u00e8s fortement augment\u00e9. Pour faciliter lapprovisionnement et la distribution de ces produits, lentreprise fran\u00e7aise Mirakl, sp\u00e9cialis\u00e9e dans les solutions de places de march\u00e9s, a lanc\u00e9 le 24 mars 2020, avec le soutien de la Direction g\u00e9n\u00e9rale des Entreprises du Minist\u00e8re de l\u00c9conomie et des Finances la plateforme Un incendie survenu en fin dapr\u00e8s midi, dans ce salon de coiffure situ\u00e9 en plein centre de la com.. Le panache de fum\u00e9e est visible depuis lagglom\u00e9ration troyenne en direction des.. Le d\u00e9put\u00e9 de la 7e circonscription travaille sur limpact du Brexit sur la fili\u00e8re p\u00eache <img decoding=\"async\" src=\"http:\/\/www.centrifuge-lemag.fr\/wp-content\/uploads\/2018\/03\/Le-Bal-des-Pompiers.jpg\" alt=\"rencontre au bal des pompiers\" align=\"center\"> Bal des pompiers juillet Caserne PANTIN 93-95, rue Cartier Bresson-93500 PANTIN Lalerte a \u00e9t\u00e9 donn\u00e9e vers 23h ce mercredi soir. De nombreux soldats du f.. A Eaux-Puiseaux, les pompiers partent \u00e0 la rescousse dun parapentiste tomb\u00e9 dans un arbre..  Maintien des droits et prestations pendant la dur\u00e9e de la crise sanitaire COVID-19-format : PDF-0,33 Mb Carri\u00e8res-sur-Seine accueille la 7\u00e8me \u00e9dition du Macki Music Festival Du 13 au 14 juin 2020 Laissez vous transporter dans un tourbillon de danse.. Bal des pompiers juillet Caserne NOISY LE GRAND Stade octave Lapize chemin des rompus-En plus des barrages filtrants, les gilets jaunes se sont r\u00e9unis \u00e0 15h devant le parc..  Elle dispose dun lieu daccueil \u00e0 Cr\u00e9teil consultations par t\u00e9l\u00e9phone ou sur rendez-vous uniquement et tient des permanences r\u00e9guli\u00e8res dans diff\u00e9rentes communes.<\/p>\n","protected":false},"excerpt":{"rendered":"<p>rencontre au bal des pompiers<\/p>\n","protected":false},"author":1,"featured_media":0,"comment_status":"closed","ping_status":"closed","sticky":false,"template":"","format":"standard","meta":{"zakra_page_container_layout":"customizer","zakra_page_sidebar_layout":"customizer","zakra_remove_content_margin":false,"zakra_sidebar":"customizer","zakra_transparent_header":"customizer","zakra_logo":0,"zakra_main_header_style":"default","zakra_menu_item_color":"","zakra_menu_item_hover_color":"","zakra_menu_item_active_color":"","zakra_menu_active_style":"","zakra_page_header":true,"footnotes":""},"categories":[1],"tags":[],"_links":{"self":[{"href":"https:\/\/www.urwshop.net\/forum\/wp-json\/wp\/v2\/posts\/4673"}],"collection":[{"href":"https:\/\/www.urwshop.net\/forum\/wp-json\/wp\/v2\/posts"}],"about":[{"href":"https:\/\/www.urwshop.net\/forum\/wp-json\/wp\/v2\/types\/post"}],"author":[{"embeddable":true,"href":"https:\/\/www.urwshop.net\/forum\/wp-json\/wp\/v2\/users\/1"}],"replies":[{"embeddable":true,"href":"https:\/\/www.urwshop.net\/forum\/wp-json\/wp\/v2\/comments?post=4673"}],"version-history":[{"count":1,"href":"https:\/\/www.urwshop.net\/forum\/wp-json\/wp\/v2\/posts\/4673\/revisions"}],"predecessor-version":[{"id":4674,"href":"https:\/\/www.urwshop.net\/forum\/wp-json\/wp\/v2\/posts\/4673\/revisions\/4674"}],"wp:attachment":[{"href":"https:\/\/www.urwshop.net\/forum\/wp-json\/wp\/v2\/media?parent=4673"}],"wp:term":[{"taxonomy":"category","embeddable":true,"href":"https:\/\/www.urwshop.net\/forum\/wp-json\/wp\/v2\/categories?post=4673"},{"taxonomy":"post_tag","embeddable":true,"href":"https:\/\/www.urwshop.net\/forum\/wp-json\/wp\/v2\/tags?post=4673"}],"curies":[{"name":"wp","href":"https:\/\/api.w.org\/{rel}","templated":true}]}}