{"id":5035,"date":"2020-06-28T12:47:31","date_gmt":"2020-06-28T12:47:31","guid":{"rendered":"http:\/\/www.urwshop.net\/forum\/?p=5035"},"modified":"2020-06-23T13:25:09","modified_gmt":"2020-06-23T13:25:09","slug":"actes-sud-rencontres-d-arles","status":"publish","type":"post","link":"https:\/\/www.urwshop.net\/forum\/2020\/06\/28\/actes-sud-rencontres-d-arles\/","title":{"rendered":"Actes Sud Rencontres D Arles"},"content":{"rendered":"<p> G\u00e9raldine Lay, n\u00e9e en 1972 \u00e0 M\u00e2con, vit et travaille \u00e0 Arles. Dipl\u00f4m\u00e9e de l\u00e9cole nationale de la photographie en 1997, son travail est repr\u00e9sent\u00e9 depuis le printemps 2005 par la Galerie Le R\u00e9verb\u00e8re, Lyon. Elle est \u00e9galement \u00e9ditrice pour Actes Sud. Saisissez le r\u00e9sultat. Par exemple, pour 1 3 4. Je me f\u00e9licite \u00e9galement que la National Portrait Gallery ait souhait\u00e9 nous associer \u00e0 une r\u00e9trospective de l\u0153uvre de David Bailey que nous sommes heureux de pr\u00e9senter. Sauvage ou fa\u00e7onn\u00e9, le jardin \u00e9voque toujours une culture, des personnalit\u00e9s ou des savoirs transmis. En images fortes et symboliques, Mario Del Curto lexpose dans toutes ses dimensions alimentaire, scientifique, ornementale, artistique et politique. <img decoding=\"async\" src=\"http:\/\/rencontres-arles-photo.tv\/wp-content\/uploads\/2016\/03\/2016-carton-conf-BIS.jpg\" alt=\"actes sud rencontres d arles\" align=\"center\"> A la vie de Walter durant le XXe si\u00e8cle, de sa naissance en Allemagne \u00e0 sa mort en passant par lexil, lamour, le travail et la nostalgie, se m\u00eale la vie des grandes figures de la philosophie allemande. Une m\u00e9ditation sur la plac.. Livre: The Anonymous Project, The House, Ed. Textuel, 208 p, 49. Christian Lutz-Eldorado Son ancienne directrice conna\u00eet donc parfaitement Arles, envers comme endroit, tutoie ses princesses comme Vera et Maja Hoffmann, comme ses politiques venus de tous bords. Le d\u00e9jeuner du premier mardi des Rencontres chez les Capitani son mari Jean-Paul Capitani est sa moiti\u00e9 \u00e9ditoriale est un must o\u00f9 d\u00e9filent tous les grands noms de la photo. Lan dernier, le plus beau des photo reporters Don McCullin y partageait les honneurs avec, bad boy de lobjectif devenu une sorte de Roi Lear \u00e9chevel\u00e9. Sc\u00e9nographie de lexposition Iran, ann\u00e9e 38 Au fil de cette errance parmi les caisses, on rencontre Gangsta da Souza, masqu\u00e9 et arm\u00e9, perch\u00e9 sur le pare-choc dune Coccinelle Volkswagen d\u00e9glingu\u00e9e Gangsta da Souza, Boquer\u00f3n, Br\u00e9sil Yann Gross COVID19 Plus de 100 ARTICLES d\u00e9j\u00e0 publi\u00e9s depuis le mardi 21 Janvier 2020 ARLES RENCONTRES D, Encyclop\u00e6dia Universalis en ligne, Consultez le journal num\u00e9rique et ses suppl\u00e9ments, chaque jour avant 13h. Voir plus Journ\u00e9es du Patrimoine-Bouches-du-Rh\u00f4ne 13 Le programme des Journ\u00e9es Europ\u00e9ennes du Patrimoine 2020 \u00e0 Marseille-Provence-Alpes-C\u00f4te dAzur Directrice associ\u00e9e du laboratoire de recherche en design de la Fondation Luma <img decoding=\"async\" src=\"http:\/\/static.cotemaison.fr\/medias_11898\/w_640,c_fill,g_north\/alfred-latour-actes-sud_6092139.jpg\" alt=\"actes sud rencontres d arles\" align=\"center\"> Jusquau 22 septembre, les Rencontres photographiques dArles 13. Faits divers. Les routes mouill\u00e9es et glissantes ont encore provoqu\u00e9 un accident de la circulation. Enfin et surtout, pour d\u00e9couvrir plus de nouveaux photographes, de projets farfelus, d\u00e9ditions \u00e0 compte dauteur et de petits bijoux pour orner votre table basse, gardez vous du temps et de largent pour la librairie du Parc des Ateliers lieu 01 B\u00e2timent de formation. A c\u00f4t\u00e9 de la boutique souvenir, les vastes tables proposent quelques p\u00e9pites m\u00e9connues \u00e0 ceux qui ne sont pas press\u00e9s.  <img decoding=\"async\" src=\"http:\/\/padraigrooney.com\/blog\/wp-content\/uploads\/2014\/07\/DSC_3599-1000x669.jpg\" alt=\"actes sud rencontres d arles\" align=\"right\"> Artistes de la Casa de Vel\u00e1zquez. Acad\u00e9mie de France \u00e0 Madrid 2016-Collectif-Google Books  Langues Etrang\u00e8res : 3 rue Mirepoix, T\u00e9l. 05 34 45 55 32 Anonyme surnomm\u00e9 Zorro ayant une pratique dautoportrait d\u00e9guis\u00e9 ou travesti, 1967. Bruno Decharme collection M\u00e9t\u00e9o. Le Tarn et le Lot notamment ont d\u00e9bord\u00e9. A Villefort, pr\u00e8s de 300 mm de pluie sont tomb\u00e9s Ce..<\/p>\n","protected":false},"excerpt":{"rendered":"<p>actes sud rencontres d arles<\/p>\n","protected":false},"author":1,"featured_media":0,"comment_status":"closed","ping_status":"closed","sticky":false,"template":"","format":"standard","meta":{"zakra_page_container_layout":"customizer","zakra_page_sidebar_layout":"customizer","zakra_remove_content_margin":false,"zakra_sidebar":"customizer","zakra_transparent_header":"customizer","zakra_logo":0,"zakra_main_header_style":"default","zakra_menu_item_color":"","zakra_menu_item_hover_color":"","zakra_menu_item_active_color":"","zakra_menu_active_style":"","zakra_page_header":true,"footnotes":""},"categories":[1],"tags":[],"_links":{"self":[{"href":"https:\/\/www.urwshop.net\/forum\/wp-json\/wp\/v2\/posts\/5035"}],"collection":[{"href":"https:\/\/www.urwshop.net\/forum\/wp-json\/wp\/v2\/posts"}],"about":[{"href":"https:\/\/www.urwshop.net\/forum\/wp-json\/wp\/v2\/types\/post"}],"author":[{"embeddable":true,"href":"https:\/\/www.urwshop.net\/forum\/wp-json\/wp\/v2\/users\/1"}],"replies":[{"embeddable":true,"href":"https:\/\/www.urwshop.net\/forum\/wp-json\/wp\/v2\/comments?post=5035"}],"version-history":[{"count":1,"href":"https:\/\/www.urwshop.net\/forum\/wp-json\/wp\/v2\/posts\/5035\/revisions"}],"predecessor-version":[{"id":5036,"href":"https:\/\/www.urwshop.net\/forum\/wp-json\/wp\/v2\/posts\/5035\/revisions\/5036"}],"wp:attachment":[{"href":"https:\/\/www.urwshop.net\/forum\/wp-json\/wp\/v2\/media?parent=5035"}],"wp:term":[{"taxonomy":"category","embeddable":true,"href":"https:\/\/www.urwshop.net\/forum\/wp-json\/wp\/v2\/categories?post=5035"},{"taxonomy":"post_tag","embeddable":true,"href":"https:\/\/www.urwshop.net\/forum\/wp-json\/wp\/v2\/tags?post=5035"}],"curies":[{"name":"wp","href":"https:\/\/api.w.org\/{rel}","templated":true}]}}