{"id":5145,"date":"2020-06-28T08:45:05","date_gmt":"2020-06-28T08:45:05","guid":{"rendered":"http:\/\/www.urwshop.net\/forum\/?p=5145"},"modified":"2020-06-23T15:18:35","modified_gmt":"2020-06-23T15:18:35","slug":"rencontre-madinina","status":"publish","type":"post","link":"https:\/\/www.urwshop.net\/forum\/2020\/06\/28\/rencontre-madinina\/","title":{"rendered":"Rencontre Madinina"},"content":{"rendered":"<p>Personnalit\u00e9s n\u00e9es en Martinique ou dont au moins un des deux parents ou grands-parents est n\u00e9 en Martinique, ou personne vivant ou ayant v\u00e9cu en Martinique.  La montagne du Vauclin, 504 m\u00e8tres le plus haut sommet du sud de l\u00eele recettes m\u00e9tiss\u00e9es, faciles et color\u00e9es. Cette exp\u00e9rience se d\u00e9roule en petit groupe de 8 personnes maximum. Il est possible de la privatiser. Tarification \u00e0 la demande <img decoding=\"async\" src=\"http:\/\/www.meniiscus.ga\/fileadmin\/_processed_\/csm_2018-01-04-AF-annyduperey_10b4892165.jpg\" alt=\"rencontre madinina\" align=\"left\"> Site de rencontre: c\u00e9libataire cherche lamour en ligne-LExpress Styles Sp\u00e9cialiste reconnu par les donneurs dordre institutionnels, Antilles Conseils Techniques et Expertises intervient dans lexpertise amiante des b\u00e2timents notamment les rep\u00e9rages amiante et la digitalisation du patrimoine b\u00e2ti.-Photo Jean-Albert Coopmann-Quelles sont vos principales activit\u00e9s en mati\u00e8re de diagnostic amiante? Fabrice Jacquier : D\u00e9sol\u00e9s, il faut que nous nous assurions que vous n\u00eates pas un robot. Pour obtenir les meilleurs r\u00e9sultats, veuillez vous assurer que votre navigateur accepte les cookies. Nous utilisons des cookies pour rendre nos services aussi attrayants que possible et proposer des fonctionnalit\u00e9s sp\u00e9cifiques. Il sagit de petits fichiers texte qui sont stock\u00e9s sur votre ordinateur ou votre appareil. Nous utilisons diff\u00e9rents types de cookies, qui peuvent \u00eatre class\u00e9s dans les cat\u00e9gories suivantes : n\u00e9cessaires pour le fonctionnement de notre site Web, pour lanalyse statistique, pour le marketing et pour les r\u00e9seaux sociaux. Vous pouvez choisir ceux que vous acceptez. <img decoding=\"async\" src=\"http:\/\/www.subject.serenitynowmassagetherapy.com\/img\/400\/591b343b70065-protection-securite-francaise-nice-06200-CDV-400.jpg\" alt=\"rencontre madinina\" align=\"left\"> Les membres du Comit\u00e9 vous adressent \u00e0 vous-m\u00eame, ainsi qu\u00e0 votre \u00e9quipe, toutes leurs f\u00e9licitations! Alexandra Rosenfeld et sa fille Ava, le 17 d\u00e9cembre 2019. Fille Sur Tabouret Erotique Afrique Porn Escort Bezons Rencontre Cougar Brest Aubervillier <img decoding=\"async\" src=\"http:\/\/www.thehmirrors.ga\/WebRoot\/ce_fr2\/Shops\/980207004\/5B09\/6367\/89D6\/9F82\/9C72\/C0A8\/190D\/108E\/5376812_m.jpg\" alt=\"rencontre madinina\" align=\"right\"> Les importations de biens et de services en 2015 est de 3 038 millions deuros dont 2 709 millions deuros de biens, dont environ 40 de produits p\u00e9troliers bruts et raffin\u00e9s, 462,6 millions de produits agricoles et agro-alimentaires et 442,8 millions deuros de biens d\u00e9quipements m\u00e9caniques, mat\u00e9riel \u00e9lectrique, \u00e9lectronique et informatique. Par exemple, il peut pleuvoir vers 8h30 sur le site de d\u00e9part avec  Collage en cours sur les barricades des forces de lordre. JusticePourAdama La Martinique en cr\u00e9ole martiniquais Matinik, Matnik ou Lamatinik, aussi surnomm\u00e9e l\u00eele aux fleurs, est une r\u00e9gion insulaire fran\u00e7aise situ\u00e9e dans les Cara\u00efbes plus pr\u00e9cis\u00e9ment dans larchipel des petites Antilles. Elle est administr\u00e9e dans le cadre dune collectivit\u00e9 territoriale unique dirig\u00e9e par lassembl\u00e9e de Martinique. Son code Insee est le 972. Cest \u00e9galement une r\u00e9gion ultrap\u00e9riph\u00e9rique de lunion europ\u00e9enne.  salut, je suis natacha je propose rencontre douce, caline mais aussi hard et pourquoi pas une sodomie et fontaine avec hommes 45ans et plus.. A vos mails La Martinique est situ\u00e9e dans l des, dans la, entre la au nord et au sud, \u00e0 environ 420 km au nord-nord-est des c\u00f4tes du, et environ 865 km \u00e0 lest-sud-est de la. Le exploitable de fa\u00e7on exclusive par la France a \u00e9t\u00e9 \u00e9tendu \u00e0 350 milles des c\u00f4tes en 2015 soit au-del\u00e0 de la, qui reste fix\u00e9e \u00e0 200 milles des c\u00f4tes, apr\u00e8s lavis favorable de l., ancien d\u00e9put\u00e9 et fondateur de l\u00e9cole la\u00efque en Martinique Marie-Th\u00e9r\u00e8se Julien-Lung-Fou : \u00e9crivaine martiniquaise connue surtout pour ses recueils de Contes cr\u00e9oles publi\u00e9s en trois volumes en 1979 Contes merveilleux, sentimentaux, moraux ou initiatiques, Contes diaboliques, fabliaux et Contes animaux, proverbes, titimes ou devinettes. Elle a \u00e9crit aussi un essai intitul\u00e9 Le Carnaval aux Antilles.,url_tcos:,media_badge:,processed:true,count:1,created_at:2020-06-13T15:04:13.00000:00,id:1271820679470514176,id_str:1271820679470514176,full_text:Lantiracisme qui hurle sales juifs fait la preuve de son ignoble racisme! Et bravo aux jeunes de G\u00e9n\u00e9rationIdentitaire qui ont le courage de d\u00e9noncer le racisme anti-blanc! nAdamaTraor\u00e9 ValeursActuelles Antiracisme JusticepourAdama Manifestation BlackLivesMatter https:t.colThcPZC8Um,truncated:false,display_text_range:0,277,entities:hashtags:text:racisme,indices:70,78,text:G\u00e9n\u00e9rationIdentitaire,indices:104,126,text:AdamaTraor\u00e9,indices:183,195,text:ValeursActuelles,indices:196,213,text:Antiracisme,indices:214,226,text:JusticepourAdama,indices:227,244,text:Manifestation,indices:245,259,text:BlackLivesMatter,indices:260,277,symbols:,user_mentions:,urls:,media:id:1271819837396979712,id_str:1271819837396979712,indices:278,301,media_url:http:pbs.twimg.comext_tw_video_thumb1271819837396979712puimgrGqLvYVE0z65tgBQ.jpg,media_url_https:https:pbs.twimg.comext_tw_video_thumb1271819837396979712puimgrGqLvYVE0z65tgBQ.jpg,url:https:t.colThcPZC8Um,display_url:pic.twitter.comlThcPZC8Um,expanded_url:https:twitter.comGilbertCollardstatus1271820679470514176video1,type:photo,sizes:thumb:w:150,h:150,resize:crop,small:w:383,h:680,resize:fit,large:w:720,h:1280,resize:fit,medium:w:675,h:1200,resize:fit,extended_entities:media:id:1271819837396979712,id_str:1271819837396979712,indices:278,301,media_url:http:pbs.twimg.comext_tw_video_thumb1271819837396979712puimgrGqLvYVE0z65tgBQ.jpg,media_url_https:https:pbs.twimg.comext_tw_video_thumb1271819837396979712puimgrGqLvYVE0z65tgBQ.jpg,url:https:t.colThcPZC8Um,display_url:pic.twitter.comlThcPZC8Um,expanded_url:https:twitter.comGilbertCollardstatus1271820679470514176video1,type:video,sizes:thumb:w:150,h:150,resize:crop,small:w:383,h:680,resize:fit,large:w:720,h:1280,resize:fit,medium:w:675,h:1200,resize:fit,video_info:aspect_ratio:9,16,duration_millis:66233,variants:bitrate:2176000,content_type:videomp4,url:https:video.twimg.comext_tw_video1271819837396979712puvid720x1280rdwjG0TD9Z-4JYIt.mp4?tag10,bitrate:632000,content_type:videomp4,url:https:video.twimg.comext_tw_video1271819837396979712puvid320x568Ko6mK5j9GcuF12p4.mp4?tag10,bitrate:832000,content_type:videomp4,url:https:video.twimg.comext_tw_video1271819837396979712puvid360x640QPRTkPnExpKkLzaz.mp4?tag10,content_type:applicationx-mpegURL,url:https:video.twimg.comext_tw_video1271819837396979712puplIW4HNt3hDvcaZS-H.m3u8?tag10,additional_media_info:monetizable:false,source:,in_reply_to_status_id:null,in_reply_to_status_id_str:null,in_reply_to_user_id:null,in_reply_to_user_id_str:null,in_reply_to_screen_name:null,user:id:471163803,id_str:471163803,name:Gilbert Collard,screen_name:GilbertCollard,location:Vauvert, France,description:D\u00e9put\u00e9 fran\u00e7ais du Groupe ID au Parlement europ\u00e9en nAncien D\u00e9put\u00e9 du Gard,url:null,entities:description:urls:,protected:false,followers_count:224016,friends_count:1325,listed_count:736,created_at:2012-01-22T15:30:53.00000:00,favourites_count:179,utc_offset:null,time_zone:null,geo_enabled:true,verified:true,statuses_count:9882,lang:null,contributors_enabled:false,is_translator:false,is_translation_enabled:false,profile_background_color:000000,profile_background_image_url:http:abs.twimg.comimagesthemestheme14bg.gif,profile_background_image_url_https:https:abs.twimg.comimagesthemestheme14bg.gif,profile_background_tile:false,profile_image_url:http:pbs.twimg.comprofile_images878524645254868993uGbmmVhn_normal.jpg,profile_image_url_https:https:pbs.twimg.comprofile_images878524645254868993uGbmmVhn_normal.jpg,profile_banner_url:https:pbs.twimg.comprofile_banners4711638031574349960,profile_link_color:0044BA,profile_sidebar_border_color:C0DEED,profile_sidebar_fill_color:DDEEF6,profile_text_color:333333,profile_use_background_image:false,has_extended_profile:true,default_profile:false,default_profile_image:false,following:false,follow_request_sent:false,notifications:false,translator_type:none,geo:null,coordinates:null,place:null,contributors:null,is_quote_status:false,retweet_count:718,favorite_count:1484,favorited:false,retweeted:false,possibly_sensitive:false,lang:fr,media_type:video,plain_text: Il nest pas impossible quil y ait des coll\u00e8gues de lIGPN, des coll\u00e8gues des syndicats, des coll\u00e8gues grad\u00e9s, officiers ou commissaires, il y a de tout Antis\u00e9mitisme qui ne choque personne puisquil nest pas Blanc. 1\ufe0f\u20e3 Ils seront, quel que soit leur pays dorigine, autoris\u00e9s \u00e0 venir en France \u00e0 partir du 1er juillet et leurs modalit\u00e9s daccueil seront facilit\u00e9es,text_org:Excellente nouvelle pour les \u00e9tudiants internationaux : nn 1\ufe0f\u20e3 Ils seront, quel que soit leur pays dorigine, autoris\u00e9s \u00e0 venir en France \u00e0 partir du 1er juillet et leurs modalit\u00e9s daccueil seront facilit\u00e9es https:t.cots2AxLPqQH,text_no_media:Excellente nouvelle pour les \u00e9tudiants internationaux : Les jeunes identitaires ont \u00e9t\u00e9 embarqu\u00e9s par la police apr\u00e8s avoir repouss\u00e9 les racailles sur le toit. Bravo \u00e0 eux!nSoutenez-nous \ufe0fncolleo.frcagnotte18288nRejoins-nous \ufe0fnvu.frContactGInStopAuxTraorenGenerationAdama.<\/p>\n","protected":false},"excerpt":{"rendered":"<p>rencontre madinina<\/p>\n","protected":false},"author":1,"featured_media":0,"comment_status":"closed","ping_status":"closed","sticky":false,"template":"","format":"standard","meta":{"zakra_page_container_layout":"customizer","zakra_page_sidebar_layout":"customizer","zakra_remove_content_margin":false,"zakra_sidebar":"customizer","zakra_transparent_header":"customizer","zakra_logo":0,"zakra_main_header_style":"default","zakra_menu_item_color":"","zakra_menu_item_hover_color":"","zakra_menu_item_active_color":"","zakra_menu_active_style":"","zakra_page_header":true,"footnotes":""},"categories":[1],"tags":[],"_links":{"self":[{"href":"https:\/\/www.urwshop.net\/forum\/wp-json\/wp\/v2\/posts\/5145"}],"collection":[{"href":"https:\/\/www.urwshop.net\/forum\/wp-json\/wp\/v2\/posts"}],"about":[{"href":"https:\/\/www.urwshop.net\/forum\/wp-json\/wp\/v2\/types\/post"}],"author":[{"embeddable":true,"href":"https:\/\/www.urwshop.net\/forum\/wp-json\/wp\/v2\/users\/1"}],"replies":[{"embeddable":true,"href":"https:\/\/www.urwshop.net\/forum\/wp-json\/wp\/v2\/comments?post=5145"}],"version-history":[{"count":1,"href":"https:\/\/www.urwshop.net\/forum\/wp-json\/wp\/v2\/posts\/5145\/revisions"}],"predecessor-version":[{"id":5146,"href":"https:\/\/www.urwshop.net\/forum\/wp-json\/wp\/v2\/posts\/5145\/revisions\/5146"}],"wp:attachment":[{"href":"https:\/\/www.urwshop.net\/forum\/wp-json\/wp\/v2\/media?parent=5145"}],"wp:term":[{"taxonomy":"category","embeddable":true,"href":"https:\/\/www.urwshop.net\/forum\/wp-json\/wp\/v2\/categories?post=5145"},{"taxonomy":"post_tag","embeddable":true,"href":"https:\/\/www.urwshop.net\/forum\/wp-json\/wp\/v2\/tags?post=5145"}],"curies":[{"name":"wp","href":"https:\/\/api.w.org\/{rel}","templated":true}]}}