{"id":5225,"date":"2020-06-28T21:34:01","date_gmt":"2020-06-28T21:34:01","guid":{"rendered":"http:\/\/www.urwshop.net\/forum\/?p=5225"},"modified":"2020-06-23T16:32:44","modified_gmt":"2020-06-23T16:32:44","slug":"rencontres-mediterraneennes-toulon","status":"publish","type":"post","link":"https:\/\/www.urwshop.net\/forum\/2020\/06\/28\/rencontres-mediterraneennes-toulon\/","title":{"rendered":"Rencontres Mediterraneennes Toulon"},"content":{"rendered":"<p>Avec pr\u00e8s de 300 enseignants-chercheurs r\u00e9partis dans 15 laboratoires de recherche en sciences et technologies et sciences humaines et sociales, la recherche \u00e0 luniversit\u00e9 de Toulon se d\u00e9veloppe autour de ses trois p\u00f4les th\u00e9matiques: Mer, Environnement et D\u00e9veloppement Durable; \u00c9changes et Soci\u00e9t\u00e9s M\u00e9diterran\u00e9ennes; Information, Num\u00e9rique, Pr\u00e9vention.  CONFERENCE DE PRESSE DE RENTREE 2012 DE FRANCE TELEVISIONS TELE STAR MONDADORI FRANCE La de Toulon est ferm\u00e9e \u00e0 lest par la et au sud par celle de qui la s\u00e9parent de la pleine mer. Elle se divise en une grande rade ou rade des Vignettes \u00e0 lest et une petite rade \u00e0 louest, qui borde Toulon, et. Les deux rades sont s\u00e9par\u00e9es par la grande jet\u00e9e construite entre 1881 et 1884 par lentreprise Dussaud de Marseille et non comme le veut une l\u00e9gende par les bagnards le dernier bagnard a \u00e9t\u00e9 transport\u00e9 de Toulon \u00e0 en 1873. Dans la petite rade, on trouve et le port de Toulon, ainsi que la base des \u00e9coles de plong\u00e9e de la de Saint-Mandrier, diverses fortifications, une base scientifique de l \u00e0, des parcs de pisciculture et mytiliculture, ainsi que le site de Tamaris, qui fut une station baln\u00e9aire \u00e0 la mode au XIX e si\u00e8cle, lanc\u00e9e par et fr\u00e9quent\u00e9e entre autres par et. Cest dans cette rade que les trois pionniers fran\u00e7ais de la plong\u00e9e, et surnomm\u00e9s depuis 1975 les trois, commencent leurs carri\u00e8res et exp\u00e9rimentent leurs premiers engins. Au d\u00e9but du mois de novembre, la ville organise depuis la f\u00eate de la ch\u00e2taigne au jardin de la ville Alexandre-I er, o\u00f9 de nombreux exposants venus de tout le d\u00e9partement et de la r\u00e9gion accueillent pendant ces deux jours les amateurs de saveurs authentiques. Quinze jours apr\u00e8s a lieu depuis sur la place dArmes, la qui simpose aujourdhui parmi les cinq plus grands \u00e9v\u00e8nements litt\u00e9raires fran\u00e7ais. Plus de 350 auteurs se r\u00e9unissent pour cette manifestation organis\u00e9e par le. Trois jours de d\u00e9bats, de rencontres, de d\u00e9couvertes, de tables rondes, de caf\u00e9s litt\u00e9raires auxquels le grand public peut participer.-vous rendre dans les centres commerciaux. Le port du masque y est recommand\u00e9 lorsque les mesures de distanciation ne peuvent \u00eatre garanties, et un commer\u00e7ant peut vous imposer le port du masque. En renseignant votre adresse e-mail, vous acceptez de recevoir des communications personnalis\u00e9es adapt\u00e9es \u00e0 votre profil client. Nous traiterons \u00e9galement les donn\u00e9es collect\u00e9es lors de votre navigation sur le site afin de vous proposer des contenus adapt\u00e9s \u00e0 vos centres dint\u00e9r\u00eat, sur la base de vos interactions avec la marque. Veuillez noter que vous pouvez vous opposer au traitement de ces donn\u00e9es. Pour M. Henry Marty-Gauqui\u00e9, lUE ne sera capable de reprendre une position de leadership sur son voisinage Sud qu\u00e0 moyen ou long terme, lorsque des progr\u00e8s auront \u00e9t\u00e9 r\u00e9alis\u00e9s dans les domaines suivants :, La Flotte se saborde Toulon 1942, Presses De La Cit\u00e9, 1992.  En attendant louverture de la billetterie de lHDE Var, le 26 avril 2020 pour sa premi\u00e8re exposition Ulysse, voyage dans une M\u00e9diterran\u00e9e de l\u00e9gendes \u00e0 d\u00e9couvrir \u00e0 partir du 26 juin 2020, un site internet vous donne d\u00e9j\u00e0 toutes les informations \u00e0 conna\u00eetre sur ce lieu. Pour le d\u00e9couvrir : Fabien Lecoeuvre et Michel Polnareff-Michel Polnareff participe \u00e0 l\u00e9mission Touche pas \u00e0 mon post JLPPA Bestimage Malgr\u00e9 seize restaurants \u00e9toil\u00e9s au en 2016, la capitale du Var ne compte actuellement aucun restaurant dans cette prestigieuse liste. Toutefois, la ville compte quelques restaurants de renom notamment Les Pins Pench\u00e9s cr\u00e9\u00e9 en 1988 par le chef St\u00e9phane Leli\u00e8vre dans le magnifique ch\u00e2teau de La Clapi\u00e8re avec ses jardins et une vue plongeante sur la M\u00e9diterran\u00e9e dans le quartier pris\u00e9 du. Le centre de solidarit\u00e9 de La Valette, 427 avenue Duch\u00e2tel, est ouvert du lundi au vendredi, de 9 h \u00e0 12 h et de 14 h \u00e0 17 h, sauf mardi apr\u00e8s-midi T\u00e9l. 04 83 95 42 80. Le Pr\u00e9sident du Conseil D\u00e9partemental, Marc Giraud, du Var et le Pr\u00e9fet du Var, Jean-Luc Videlaine, ont sign\u00e9, vendredi 29 juin, la convention relative aux modalit\u00e9s dinterventions des forestiers-sapeurs du D\u00e9partement du Var, dans le cadre du dispositif estival de patrouilles de pr\u00e9vention des incendies de for\u00eat. Acad\u00e9mie de Nice,, sur www2.ac-nice.fr consult\u00e9 le 4 juin 2017. Wikipedia est une marque d\u00e9pos\u00e9e de la, organisation de bienfaisance r\u00e9gie par le paragraphe du code fiscal des \u00c9tats-Unis. La\u00ebtitia pr\u00e9sente un jeu de m\u00e9mory sur le patrimoine seynois tour de lhorloge ou tour carr\u00e9e, dans lenceinte de larsenal seconde moiti\u00e9, anciennement sur pilotis. Tr\u00e8s endommag\u00e9e lors des bombardements de la Seconde Guerre mondiale, son a \u00e9t\u00e9 refait au d\u00e9but des ann\u00e9es 1950 ; Emmanuelle B\u00e9art et son compagnon Fr\u00e9d\u00e9ric-Mont\u00e9e des marches du film Irrational Man Lhomme ir BORDE-MOREAU BESTIMAGE En partenariat avec TripAdvisor Nos autres h\u00f4tels \u00e0 proximit\u00e9 <img decoding=\"async\" src=\"http:\/\/canknot.gq\/wp-content\/uploads\/2018\/07\/37763554_2115058625487447_6392460853274214400_n-1-480x384.jpg\" alt=\"rencontres mediterraneennes toulon\" align=\"center\"> Publi\u00e9 le 17 mars 2018 par Gilles Pudlowski et r\u00e9dig\u00e9 par Voir linvisible avec le CPPM : \u00e0 la recherche de la mati\u00e8re noire, Fabrice Feinstein, professeur des Universit\u00e9s AMU, \u00e9quipe Renoir recherche de l\u00e9nergie noire, Centre de Physique des Particules de Marseille-CPPM CNRS-AMU Les concerts, tous gratuits, ont enthousiasm\u00e9 un public venu en nombre applaudir les artistes. La ligne artistique du festival \u00e9tait encore de grande qualit\u00e9, du rock brut ind\u00e9pendant, m\u00ealant musiciens \u00e9mergents et artistes reconnus.-la poursuite des travaux sur la route d\u00e9partementale 25 entre Le Muy et Sainte-Maxime <img decoding=\"async\" src=\"http:\/\/statique.lamarseillaise.fr\/media\/k2\/items\/cache\/249f71a3adf76b6bd6e566230655c355_L.jpg\" alt=\"rencontres mediterraneennes toulon\" align=\"left\"> Exploitante des ports de la Rade de Toulon, la CCI du Var repense le r\u00f4le et la place des infrastructures.. <img decoding=\"async\" src=\"http:\/\/www.domavaquera.net\/wp-content\/uploads\/2012\/03\/beaucaire-2012-affiche.jpg\" alt=\"rencontres mediterraneennes toulon\" align=\"left\"> .<\/p>\n","protected":false},"excerpt":{"rendered":"<p>rencontres mediterraneennes toulon<\/p>\n","protected":false},"author":1,"featured_media":0,"comment_status":"closed","ping_status":"closed","sticky":false,"template":"","format":"standard","meta":{"zakra_page_container_layout":"customizer","zakra_page_sidebar_layout":"customizer","zakra_remove_content_margin":false,"zakra_sidebar":"customizer","zakra_transparent_header":"customizer","zakra_logo":0,"zakra_main_header_style":"default","zakra_menu_item_color":"","zakra_menu_item_hover_color":"","zakra_menu_item_active_color":"","zakra_menu_active_style":"","zakra_page_header":true,"footnotes":""},"categories":[1],"tags":[],"_links":{"self":[{"href":"https:\/\/www.urwshop.net\/forum\/wp-json\/wp\/v2\/posts\/5225"}],"collection":[{"href":"https:\/\/www.urwshop.net\/forum\/wp-json\/wp\/v2\/posts"}],"about":[{"href":"https:\/\/www.urwshop.net\/forum\/wp-json\/wp\/v2\/types\/post"}],"author":[{"embeddable":true,"href":"https:\/\/www.urwshop.net\/forum\/wp-json\/wp\/v2\/users\/1"}],"replies":[{"embeddable":true,"href":"https:\/\/www.urwshop.net\/forum\/wp-json\/wp\/v2\/comments?post=5225"}],"version-history":[{"count":1,"href":"https:\/\/www.urwshop.net\/forum\/wp-json\/wp\/v2\/posts\/5225\/revisions"}],"predecessor-version":[{"id":5226,"href":"https:\/\/www.urwshop.net\/forum\/wp-json\/wp\/v2\/posts\/5225\/revisions\/5226"}],"wp:attachment":[{"href":"https:\/\/www.urwshop.net\/forum\/wp-json\/wp\/v2\/media?parent=5225"}],"wp:term":[{"taxonomy":"category","embeddable":true,"href":"https:\/\/www.urwshop.net\/forum\/wp-json\/wp\/v2\/categories?post=5225"},{"taxonomy":"post_tag","embeddable":true,"href":"https:\/\/www.urwshop.net\/forum\/wp-json\/wp\/v2\/tags?post=5225"}],"curies":[{"name":"wp","href":"https:\/\/api.w.org\/{rel}","templated":true}]}}