{"id":5281,"date":"2020-06-28T20:58:32","date_gmt":"2020-06-28T20:58:32","guid":{"rendered":"http:\/\/www.urwshop.net\/forum\/?p=5281"},"modified":"2020-06-23T17:23:54","modified_gmt":"2020-06-23T17:23:54","slug":"rencontre-du-numerique","status":"publish","type":"post","link":"https:\/\/www.urwshop.net\/forum\/2020\/06\/28\/rencontre-du-numerique\/","title":{"rendered":"Rencontre Du Num\u00e9rique"},"content":{"rendered":"<p>Un outil de planification et gestion des t\u00e2ches inspir\u00e9 par le kanban et la m\u00e9thode SCRUM. Vous y d\u00e9couvrirez les diff\u00e9rents r\u00e9seaux sociaux actifs et pertinents en 2018. Internet, postes de d\u00e9veloppeur, darchitecte web, de community manager ou de webdesigner ; Votre inscription a bien \u00e9t\u00e9 prise en compte. Merci de votre participation. Les informations relatives aux rencontres culture num\u00e9rique sont prioritairement annonc\u00e9es <img decoding=\"async\" src=\"http:\/\/factuel.univ-lorraine.fr\/sites\/factuel.univ-lorraine.fr\/files\/field\/image\/2017\/11\/affiche-refd-relex.png\" alt=\"rencontre du num\u00e9rique\" align=\"right\"> Les cookies n\u00e9cessaires sont absolument essentiels au bon fonctionnement du site Web. Cette cat\u00e9gorie comprend uniquement les cookies qui garantissent les fonctionnalit\u00e9s de base et les fonctions de s\u00e9curit\u00e9 du site Web. Ces cookies ne stockent aucune information personnelle. On ne devient pas un professionnel de lIT sans une formation adapt\u00e9e : les \u00e9tudiants et les actifs pourront trouver leur future formation avec la pr\u00e9sence de nombreuses \u00e9coles dinformatique de la C\u00f4te dAzur. La transformation num\u00e9rique et linnovation au service des agents et des usagers. \u00c9changes et prospective en mati\u00e8re dinnovations technologiques. Les Rencontres Num\u00e9riques 2019 Le Pays Basque f\u00eate le num\u00e9rique-FrenchWeb.fr Ce site vous propose une restitution de cette rencontre : il vous permet dacc\u00e9der aux comptes rendus des temps forts la journ\u00e9e, ainsi quaux supports de pr\u00e9sentations des diff\u00e9rents intervenants. Autour de Nicolas Bloquet \u00e0 gauche, responsable de lEspace public num\u00e9rique du territoire de Coutances Mer et Bocage, toute l\u00e9quipe J\u00e9r\u00e9my, C\u00e9dric, Aur\u00e9lien, Laura, Baptiste, Fanny et Didi est mobilis\u00e9e pour cette 27 e \u00e9dition des Rencontres num\u00e9riques. H\u00e9l\u00e8ne Perraudeau C\u00f4t\u00e9 Manche. Lieu :-Espace Culturel dEaubonne-7 rue Jean Mermoz. Pascal Boiron, r\u00e9dacteur en chef de Mid E-News, nous a quitt\u00e9  Quand le social prend corps 4. L\u00e2ge des c\u00e9libataires URFIST, salle H3 109 dans le b\u00e2timent de la biblioth\u00e8que universitaire de Rennes 2, m\u00e9tro Villejean Universit\u00e9 <img decoding=\"async\" src=\"http:\/\/www.fontenaynumerique.fr\/wp-content\/uploads\/2013\/12\/internet_solidaire_20132.jpg\" alt=\"rencontre du num\u00e9rique\" align=\"left\"> LAmue est install\u00e9e sur 2 sites : Paris et Montpellier, et compte 172 adh\u00e9rents, dont 60 universit\u00e9s et 112 \u00e9tablissements, \u00e9coles ding\u00e9nieurs ou institutions. Vous pouvez trouver nos titres num\u00e9riques chez les e-libraires suivants : en accompagnant les changements et la modernisation des \u00e9tablissements en mati\u00e8re de pilotage et de gestion ; Agitateur num\u00e9rique, lantic proposera deux temps forts Lobjectif \u00e9tait de leur faire d\u00e9couvrir les arts num\u00e9riques \u00e0 travers la r\u00e9alisation de Stop Motion, et int\u00e9grer le principe danimation image par image \u00e0 partir dillustrations, daborder une d\u00e9marche artistique aux c\u00f4t\u00e9s dun illustrateur, de cr\u00e9er une narration collectivement, et de participer concr\u00e8tement \u00e0 la programmation des Estivales de lIllustration, comprendre les enjeux dint\u00e9gration dune cr\u00e9ation \u00e0 un \u00e9v\u00e9nement public. Fort de lexp\u00e9rience daccompagnement des \u00e9tablissements dans le cadre du programme H\u00f4pital Num\u00e9rique, lANAP \u00e9tend sa communaut\u00e9 de pratique Num\u00e9rique en sant\u00e9 aux acteurs du num\u00e9rique dans le secteur m\u00e9dico-social. La premi\u00e8re rencontre de cette communaut\u00e9 sur ce sujet, qui aura lieu le 19 d\u00e9cembre 2019 \u00e0 lANAP en pr\u00e9sence de Dominique Pon et Laura Letourneau, permettra de partager les actions concr\u00e8tes \u00e0 engager dans ce secteur suite \u00e0 la publication de la feuille de route Acc\u00e9l\u00e9rer le virage num\u00e9rique. Une feuille de route nationale \u00e0 d\u00e9cliner pour le secteur m\u00e9dico-social <img decoding=\"async\" src=\"http:\/\/www.legreniernumerique.bzh\/wp-content\/uploads\/2015\/04\/11154251_10206880281589080_881729871_o-1200x675.jpg\" alt=\"rencontre du num\u00e9rique\" align=\"left\">  Comme plus de 20 000 personnes par mois, appuyez-vous sur notre expertise en consultant :  Une vingtaine de contributeurs ont co-construit le programme, autour de contenus aussi vari\u00e9s quinnovants, pour aborder le num\u00e9rique et ses usages sous toutes les coutures!<\/p>\n","protected":false},"excerpt":{"rendered":"<p>rencontre du num\u00e9rique<\/p>\n","protected":false},"author":1,"featured_media":0,"comment_status":"closed","ping_status":"closed","sticky":false,"template":"","format":"standard","meta":{"zakra_page_container_layout":"customizer","zakra_page_sidebar_layout":"customizer","zakra_remove_content_margin":false,"zakra_sidebar":"customizer","zakra_transparent_header":"customizer","zakra_logo":0,"zakra_main_header_style":"default","zakra_menu_item_color":"","zakra_menu_item_hover_color":"","zakra_menu_item_active_color":"","zakra_menu_active_style":"","zakra_page_header":true,"footnotes":""},"categories":[1],"tags":[],"_links":{"self":[{"href":"https:\/\/www.urwshop.net\/forum\/wp-json\/wp\/v2\/posts\/5281"}],"collection":[{"href":"https:\/\/www.urwshop.net\/forum\/wp-json\/wp\/v2\/posts"}],"about":[{"href":"https:\/\/www.urwshop.net\/forum\/wp-json\/wp\/v2\/types\/post"}],"author":[{"embeddable":true,"href":"https:\/\/www.urwshop.net\/forum\/wp-json\/wp\/v2\/users\/1"}],"replies":[{"embeddable":true,"href":"https:\/\/www.urwshop.net\/forum\/wp-json\/wp\/v2\/comments?post=5281"}],"version-history":[{"count":1,"href":"https:\/\/www.urwshop.net\/forum\/wp-json\/wp\/v2\/posts\/5281\/revisions"}],"predecessor-version":[{"id":5282,"href":"https:\/\/www.urwshop.net\/forum\/wp-json\/wp\/v2\/posts\/5281\/revisions\/5282"}],"wp:attachment":[{"href":"https:\/\/www.urwshop.net\/forum\/wp-json\/wp\/v2\/media?parent=5281"}],"wp:term":[{"taxonomy":"category","embeddable":true,"href":"https:\/\/www.urwshop.net\/forum\/wp-json\/wp\/v2\/categories?post=5281"},{"taxonomy":"post_tag","embeddable":true,"href":"https:\/\/www.urwshop.net\/forum\/wp-json\/wp\/v2\/tags?post=5281"}],"curies":[{"name":"wp","href":"https:\/\/api.w.org\/{rel}","templated":true}]}}