{"id":5381,"date":"2020-06-28T04:12:41","date_gmt":"2020-06-28T04:12:41","guid":{"rendered":"http:\/\/www.urwshop.net\/forum\/?p=5381"},"modified":"2020-06-23T18:40:08","modified_gmt":"2020-06-23T18:40:08","slug":"rencontres-alpines-2013","status":"publish","type":"post","link":"https:\/\/www.urwshop.net\/forum\/2020\/06\/28\/rencontres-alpines-2013\/","title":{"rendered":"Rencontres Alpines 2013"},"content":{"rendered":"<p>Nest pas la difficult\u00e9 \u00e0 tout prix mais la fa\u00e7on dont je construis les choses. 27092017 POLITIQUES FORESTIERES-LEtat et la R\u00e9gion lancent les travaux d\u00e9laboration du PRFB Jeudi 24 novembre 2011, visites et \u00e9changes dans la vall\u00e9e de lArve, La mobilisation des bois en zone de montagne : pour quelles demandes? Comment optimiser la r\u00e9colte?. Cette journ\u00e9e est construite autour de la visite de la scierie B\u00e9temps, plus grosse scierie de Haute Savoie visite le matin \u00e0 partir de 10h, et de la d\u00e9monstration du nouveau mat\u00e9riel dexploitation foresti\u00e8re par c\u00e2ble de lentreprise Mabboux rendez-vous \u00e0 13h45 en mairie de Passy. Vous avez une info, une actualit\u00e9 ou m\u00eame une rumeur sur ce festival?  Les rencontres philosophiques dUriage-Place Grenet  La r\u00e9gion Auvergne-Limousin organisera, les 26 et 27 mars 2013 prochain, une conf\u00e9rence internationale autour des bonnes pratiques en mati\u00e8re de politique foresti\u00e8re. <img decoding=\"async\" src=\"http:\/\/paris.peepingtomproject.com\/contributions\/helveticalia_clip_image001_0001.jpg\" alt=\"rencontres alpines 2013\" align=\"center\"> <img decoding=\"async\" src=\"http:\/\/fr.1001mags.com\/images\/Couv\/E\/EspaceKillyInfosnews\/78\/30560-EspaceKillyInfosnews-78-Page-003.jpg\" alt=\"rencontres alpines 2013\" align=\"center\">  En partenariat avec Bpifrance, la R\u00e9gion Rh\u00f4ne-Alpes, la R\u00e9gion Provence Alpes C\u00f4te dAzur, le Cluster Montagne lance son premier appel \u00e0 projets pour faire \u00e9merger et accompagner des projets dinnovation ou dexport impliquant des entreprises de la fili\u00e8re de lam\u00e9nagement de la montagne. Pour venir au Club : 12 rue Boissonade, 75014 PARIS, Patrimoine de BREN : Agn\u00e8s et Michel Perrolier G\u00e9rard Delhomme-Meybeaux arts en Baret : R. Arnoux Vincent Ollier Chantemerle La Signatech Alpine n36 rencontrait des petits soucis, et Journ\u00e9e de l\u00e9nergie et workshop efficience \u00e9nerg\u00e9tique, 3 octobre 2012, Foire du Valais, Martigny Merci! Ce commentaire a d\u00e9j\u00e0 \u00e9t\u00e9 signal\u00e9 aux mod\u00e9rateurs Les manifestations des changements globaux sont multiples et vari\u00e9es et dores et d\u00e9j\u00e0 visibles partout autour de nous. Le col du Lautaret est un site qui se pr\u00eate particuli\u00e8rement bien \u00e0 ces observations : cest dans le but de sensibiliser le plus grand nombre que nous avons d\u00e9velopp\u00e9 un projet p\u00e9dagogique innovant au c\u0153ur du jardin botanique alpin du Lautaret. 26072013 POLITIQUES FORESTIERES-Groupe de travail for\u00eat du Comit\u00e9 de massif des Alpes Le Festival du Ch\u00e2teau de Solli\u00e8s-Pont nest donc pas \u00e9pargn\u00e9 et nous sommes donc contraints de le reporter \u00e0 lann\u00e9e prochaine. Nous travaillons actuellement sur le report de la programmation du festival et nous vous tiendrons inform\u00e9s, dans les plus brefs d\u00e9lais, sur celle-ci ainsi que sur les modalit\u00e9s de billetterie. <img decoding=\"async\" src=\"http:\/\/img4.autodeclics.com\/photo_cav\/3380\/0-12-mai-2013-rencontre-entre-passionnes-de-son-chez-franck.jpg\" alt=\"rencontres alpines 2013\" align=\"center\"> ladministration. Dans mes aventures dexploration, jai aussi recherch\u00e9 une Organisation : Marie-Claire Ferri\u00e8s et Patrizia De Capitani Au salon de Paris doctobre 1976 sera pr\u00e9sent\u00e9e l A 310 V6 munie dun moteur PRV \u00e0 six cylindres en V, de 2664 cc et 150 ch, permettant 220 kmh. Braun G, Kov\u00e1cs Zolt\u00e1n L, 2011. Macro-Regional Strategies. Experiment for the Renewal of Economic Policy of the European Union, in Public Finance Quarterly, 20111, pp 79-93. Lann\u00e9e va \u00eatre marqu\u00e9e par le Synode sur la jeu..<\/p>\n","protected":false},"excerpt":{"rendered":"<p>rencontres alpines 2013<\/p>\n","protected":false},"author":1,"featured_media":0,"comment_status":"closed","ping_status":"closed","sticky":false,"template":"","format":"standard","meta":{"zakra_page_container_layout":"customizer","zakra_page_sidebar_layout":"customizer","zakra_remove_content_margin":false,"zakra_sidebar":"customizer","zakra_transparent_header":"customizer","zakra_logo":0,"zakra_main_header_style":"default","zakra_menu_item_color":"","zakra_menu_item_hover_color":"","zakra_menu_item_active_color":"","zakra_menu_active_style":"","zakra_page_header":true,"footnotes":""},"categories":[1],"tags":[],"_links":{"self":[{"href":"https:\/\/www.urwshop.net\/forum\/wp-json\/wp\/v2\/posts\/5381"}],"collection":[{"href":"https:\/\/www.urwshop.net\/forum\/wp-json\/wp\/v2\/posts"}],"about":[{"href":"https:\/\/www.urwshop.net\/forum\/wp-json\/wp\/v2\/types\/post"}],"author":[{"embeddable":true,"href":"https:\/\/www.urwshop.net\/forum\/wp-json\/wp\/v2\/users\/1"}],"replies":[{"embeddable":true,"href":"https:\/\/www.urwshop.net\/forum\/wp-json\/wp\/v2\/comments?post=5381"}],"version-history":[{"count":1,"href":"https:\/\/www.urwshop.net\/forum\/wp-json\/wp\/v2\/posts\/5381\/revisions"}],"predecessor-version":[{"id":5382,"href":"https:\/\/www.urwshop.net\/forum\/wp-json\/wp\/v2\/posts\/5381\/revisions\/5382"}],"wp:attachment":[{"href":"https:\/\/www.urwshop.net\/forum\/wp-json\/wp\/v2\/media?parent=5381"}],"wp:term":[{"taxonomy":"category","embeddable":true,"href":"https:\/\/www.urwshop.net\/forum\/wp-json\/wp\/v2\/categories?post=5381"},{"taxonomy":"post_tag","embeddable":true,"href":"https:\/\/www.urwshop.net\/forum\/wp-json\/wp\/v2\/tags?post=5381"}],"curies":[{"name":"wp","href":"https:\/\/api.w.org\/{rel}","templated":true}]}}