{"id":5459,"date":"2020-06-29T09:37:01","date_gmt":"2020-06-29T09:37:01","guid":{"rendered":"http:\/\/www.urwshop.net\/forum\/?p=5459"},"modified":"2020-06-23T19:41:16","modified_gmt":"2020-06-23T19:41:16","slug":"rencontres-arles-billeterie","status":"publish","type":"post","link":"https:\/\/www.urwshop.net\/forum\/2020\/06\/29\/rencontres-arles-billeterie\/","title":{"rendered":"Rencontres Arles Billeterie"},"content":{"rendered":"<p>Edition MH \u00e9ditions, terre daigues \u00e9diteur La marque Terre daigues \u00e9ditions terredaigues est officiellement d\u00e9pos\u00e9e et prot\u00e9g\u00e9e \u00e0 lINPI sous le num\u00e9ro national de d\u00e9p\u00f4t 4225590 ISBN AFNIL indicatif \u00e9diteur N 979-10-95787 un espace extranet d\u00e9change dinformations inter-acteurs service administratif, formateurs, apprenants, entreprises Qualit\u00e9 relationnelle et organisationnelle. Aptitude \u00e0 travailler en \u00e9quipe et en autonomie,   <img decoding=\"async\" src=\"http:\/\/www.abm-studio.com\/files\/media_file_2453.jpg\" alt=\"rencontres arles billeterie\" align=\"right\"> Valable du 2 juillet au 23 septembre, une entr\u00e9e par lieu David contre Goliath? On sent dembl\u00e9e que les Rencontres d Arles 2017 ont la rage au ventre et bien lintention dexister, malgr\u00e9 le voisinage magistral et un peu \u00e9crasant de la toute Pr\u00e8s de 50 ans apr\u00e8s les premi\u00e8res photos de chiens r\u00e9alis\u00e9es par William Wegman, cest aujourdhui un Braque de Weimar qui figure sur laffiche des Rencontres de la photographie! V\u00e9ritable muse de lartiste, cette race de chiens est au centre de lexposition \u00catre humain pr\u00e9sent\u00e9e au palais de lArchev\u00each\u00e9, lieu central du festival arl\u00e9sien. William Wegman y revisite lhistoire de lart et porte une vision d\u00e9cal\u00e9e et pleine dhumour sur lhumanit\u00e9 \u00e0 travers diverses s\u00e9ries photographiques mettant \u00e0 lhonneur le plus fid\u00e8le de nos animaux de compagnie. Le Mus\u00e9e Kr\u00f6ller-M\u00fcller est la r\u00e9sidence secondaire de Vincent van Gogh. Comptant pr\u00e8s de 90 tableaux et plus de 180 dessins, le mus\u00e9e poss\u00e8de la deuxi\u00e8me plus grande collection Van Gogh au monde. La collection de ce mus\u00e9e inclut \u00e9galement des chefs-d\u0153uvre de ma\u00eetres modernes, comme Claude Monet, Georges Seurat, Pablo Picasso et Piet Mondrian. Coordination et suivi de production des cartes postales 2010 du festival en liaison avec le p\u00f4le production \u00e9ditorial : demande de <img decoding=\"async\" src=\"http:\/\/rencontres-arles-photo.tv\/wp-content\/uploads\/2016\/09\/2016-photorue-olympus.jpg\" alt=\"rencontres arles billeterie\" align=\"right\"> Prix du livre Le Proven\u00e7al : mentions \u00e0 : La historia de la fotografia en Espa\u00f1a, desde sus or\u00edgenes hasta 1900 de El Viso, Int\u00e9rieurs de et \u00e9ditions des Archives darchitecture moderne et Magic moments de Stephen White Editions Retrouvez le programme complet et toutes les informations sur Arles 2019, Revivez les Rencontres de la photographie : Les oeuvres pr\u00e9sent\u00e9es dans lexposition couvrent une p\u00e9riode de pr\u00e8s de dix ans: des jeux de r\u00f4le en grandeur nature, en passant par les Portraitst\u00fccke paraphrasant lactionnisme viennois, jusquaux mondes d\u00e9motions et dimages bizarrement grotesques de la s\u00e9rie Bonsa\u00ef. Du 30 juin 2017 au 22 janvier 2018. Le Luxe dans lAntiquit\u00e9 La Nuit de lAnn\u00e9e est l\u00e9v\u00e9nement festif incontournable des Rencontres dArles. Elle a lieu aux Papeteries \u00c9tienne dans le quartier de Trinquetaille. Cette soir\u00e9e de la semaine douverture souvre \u00e0 la diversit\u00e9 des pratiques artistiques li\u00e9es \u00e0 limage. Elle pr\u00e9sente les coups de c\u0153ur de lann\u00e9e, offre des cartes blanches \u00e0 des artistes, \u00e0 des institutions, \u00e0 des magazines Lors de l\u00e9dition 2019, une quarantaine de propositions ont \u00e9t\u00e9 projet\u00e9es en boucle sur 6 grands \u00e9crans et deux institutions. Une agitation particuli\u00e8re r\u00e8gne \u00e0 la Maison des Rencontres, carrefour des stagiaires photo venus des quatre coins du monde. Trois cents sont attendus cet \u00e9t\u00e9. Ce jour-l\u00e0, le 14 juillet, une dizaine de passionn\u00e9s sont pench\u00e9s sur les clich\u00e9s pris dans la matin\u00e9e. Parmi eux, Patrick, la soixantaine, venu de Normandie. Ce technicien sup\u00e9rieur en moteurs de fus\u00e9es consacre tout son temps libre \u00e0 la photo. Il se pr\u00e9pare \u00e0 ce stage depuis six mois et le suit avec s\u00e9rieux : Je nai pas fait une seule visite jusqu\u00e0 pr\u00e9sent. La professeure Diane Lui, artiste photographe franco-belge, donne un cours sur le portrait. Elle commente le travail des stagiaires : Le c\u00f4t\u00e9 cru, presque animal, de cette image la rend tr\u00e8s int\u00e9ressante. Poursuivez dans cette voie, dit-elle \u00e0 Nathalie, venue expr\u00e8s de Johannesburg. Parmi les professeurs prestigieux de cette 41e \u00e9dition figurent Sarah Moon, le photographe de mode Paolo Roversi, Antoine dAgata ou encore Marco Lopez. Tous ont transmis leur savoir. Qui sait? parmi les stagiaires de 2010 se cache peut-\u00eatre le nouveau Cartier-Bresson. Oh, mais tu tes fait belle! Genevi\u00e8ve navait pas vu sa soeur, r\u00e9sidente de lEhpad Jeanne-Calment, depuis le d\u00e9but du mois de mars. Ce 28 avril, elle est \u00e0 lheure au rendez-vous, pris auparavant par t\u00e9l\u00e9phone. Et Jacqueline, sa soeur, appara\u00eet en effet toute pimpante derri\u00e8re son masque rose. Depuis la veille, les deux \u00e9tablissements rattach\u00e9s \u00e0 lh\u00f4pital dArles, Jeanne-Calment et la Maison du Lac, ont rouvert les visites des familles pour les r\u00e9sidents, dans lapplication des..  certains lieux dexposition du centre-ville ferment le 26 Ao\u00fbt Maison des jeunes auteurs 10, rond-point des Ar\u00e8nes. L\u00e9change entre les photographes professionnels et les praticiens de tous niveaux est une constante depuis la cr\u00e9ation des Rencontres dArles. Les stages de photographie permettent chaque ann\u00e9e aux participants de sengager dans une d\u00e9marche personnelle de cr\u00e9ation, au plus proche des enjeux esth\u00e9tiques, \u00e9thiques et technologiques de la photographie. 1 p\u00f4le billetterie, ventes individuelles et groupes : un assistant du responsable, un assistant ventes de groupe, des m\u00e9diateurs, des renforts festival, un chef de caisse et 50 agents de ventebilletterie <img decoding=\"async\" src=\"http:\/\/www.nzremark.tk\/wp-content\/uploads\/2015\/10\/Affiche-T-2018.jpg\" alt=\"rencontres arles billeterie\" align=\"right\"> Et juste des mus\u00e9es et expositions temporaires pour quelques villes \u00e9trang\u00e8res :&#8212;&#8212;En plus de ces expositions, le festival propose bien dautres choses, notamment le Prix D\u00e9couverte permettant chaque ann\u00e9e de faire d\u00e9couvrir de nouveaux talents. Dix projets sont donc s\u00e9lectionn\u00e9s et expos\u00e9s pendant les Rencontres. Le prix du jury et le prix du public seront d\u00e9cern\u00e9s pendant la premi\u00e8re semaine douverture. Cette section est vide, insuffisamment d\u00e9taill\u00e9e ou incompl\u00e8te. Est la bienvenue! Il est reproch\u00e9 aux Rencontres de nint\u00e9grer aucune exposition de dans les 50 expositions de photographes pr\u00e9vues en juillet 2019 pour le cinquantenaire. Si les Rencontres avaient su en 2016 mettre \u00e0 lhonneur le Malien, lartiste \u00e9thiopienne et lOugandaise qui avait d\u00e9croch\u00e9 le prix D\u00e9couverte, la pr\u00e9sence dartistes africains sinscrit de mani\u00e8re discontinue, amenant les Rencontres \u00e0 prendre des mesures pour favoriser une exposition plus r\u00e9guli\u00e8re. Prix du livre \u00e9crit : Fotograf\u00eda y sociedad en la Espa\u00f1a de Franco Lunwerg Voter pour la motion de la Droite Populaire le 18 novembre 2012, cest :.<\/p>\n","protected":false},"excerpt":{"rendered":"<p>rencontres arles billeterie<\/p>\n","protected":false},"author":1,"featured_media":0,"comment_status":"closed","ping_status":"closed","sticky":false,"template":"","format":"standard","meta":{"zakra_page_container_layout":"customizer","zakra_page_sidebar_layout":"customizer","zakra_remove_content_margin":false,"zakra_sidebar":"customizer","zakra_transparent_header":"customizer","zakra_logo":0,"zakra_main_header_style":"default","zakra_menu_item_color":"","zakra_menu_item_hover_color":"","zakra_menu_item_active_color":"","zakra_menu_active_style":"","zakra_page_header":true,"footnotes":""},"categories":[1],"tags":[],"_links":{"self":[{"href":"https:\/\/www.urwshop.net\/forum\/wp-json\/wp\/v2\/posts\/5459"}],"collection":[{"href":"https:\/\/www.urwshop.net\/forum\/wp-json\/wp\/v2\/posts"}],"about":[{"href":"https:\/\/www.urwshop.net\/forum\/wp-json\/wp\/v2\/types\/post"}],"author":[{"embeddable":true,"href":"https:\/\/www.urwshop.net\/forum\/wp-json\/wp\/v2\/users\/1"}],"replies":[{"embeddable":true,"href":"https:\/\/www.urwshop.net\/forum\/wp-json\/wp\/v2\/comments?post=5459"}],"version-history":[{"count":1,"href":"https:\/\/www.urwshop.net\/forum\/wp-json\/wp\/v2\/posts\/5459\/revisions"}],"predecessor-version":[{"id":5460,"href":"https:\/\/www.urwshop.net\/forum\/wp-json\/wp\/v2\/posts\/5459\/revisions\/5460"}],"wp:attachment":[{"href":"https:\/\/www.urwshop.net\/forum\/wp-json\/wp\/v2\/media?parent=5459"}],"wp:term":[{"taxonomy":"category","embeddable":true,"href":"https:\/\/www.urwshop.net\/forum\/wp-json\/wp\/v2\/categories?post=5459"},{"taxonomy":"post_tag","embeddable":true,"href":"https:\/\/www.urwshop.net\/forum\/wp-json\/wp\/v2\/tags?post=5459"}],"curies":[{"name":"wp","href":"https:\/\/api.w.org\/{rel}","templated":true}]}}