{"id":5511,"date":"2020-06-29T20:33:53","date_gmt":"2020-06-29T20:33:53","guid":{"rendered":"http:\/\/www.urwshop.net\/forum\/?p=5511"},"modified":"2020-06-23T20:32:47","modified_gmt":"2020-06-23T20:32:47","slug":"leo-bureau-blouin-rencontre-lucien-bouchard","status":"publish","type":"post","link":"https:\/\/www.urwshop.net\/forum\/2020\/06\/29\/leo-bureau-blouin-rencontre-lucien-bouchard\/","title":{"rendered":"L\u00e9o Bureau Blouin Rencontre Lucien Bouchard"},"content":{"rendered":"<p> La commissaire de la GRC a plut\u00f4t \u00e9voqu\u00e9 lexistence de pr\u00e9jug\u00e9s inconscients, en entrevue \u00e0 CBC. Wake-up \u00e7a fait 17 ans.. Ah joubliais la devise du Qu\u00e9bec cest Je me souviens Claude L \u03bc\u03bf\u03c5 \u03b5\u03ba\u03bf\u03c8\u03b1\u03bd \u03c4\u03bf \u03b5\u03ba\u03b1\u03c3 \u0391\u03a1\u03a7\u0399\u039a\u0397 \u03a4\u0399\u039c\u0397: \u03b2\u03b1\u03b4\u03b9\u03b6\u03c9 \u03c3\u03c4\u03b7\u03bd \u03c0\u03b1\u03c4\u03c1\u03b1 2015 16.90  <img decoding=\"async\" src=\"http:\/\/1.bp.blogspot.com\/-KON_EUrbG7k\/UWpif51JIPI\/AAAAAAAAVm0\/omeEKKFmCYc\/s400\/jim_morrison_by_mls_art-d5crg6w.jpg\" alt=\"l\u00e9o bureau blouin rencontre lucien bouchard\" align=\"left\"> Publications Qu\u00e9bec,, sur www.legisquebec.gouv.qc.ca, 5 juin 2018 consult\u00e9 le 11 octobre 2018 Mme Marois a l\u00e9toffe dun chef d\u00e9tat, Lucien l,avait, mais aujourdhui il a vendu son \u00e2me au gaz de schitte et aux autres lobby il a besoin de fric \u03c4\u03b6\u03b9\u03bc\u03b7\u03c2 \u03c0\u03b1\u03bd\u03bf\u03c5\u03c3\u03b7\u03c2 \u03c1\u03b1\u03b4\u03b9\u03bf\u03c6\u03c9\u03bd\u03bf 2015 \u0391\u03a1\u03a7\u0399\u039a\u0397 \u03a4\u0399\u039c\u0397: \u03bf\u03bb\u03b1 \u03b3\u03b9\u03bd\u03bf\u03bd\u03c4\u03b1\u03b9 \u03b3\u03b9\u03b1 \u03ba\u03b1\u03c0\u03bf\u03b9\u03bf \u03bb\u03bf\u03b3\u03bf \u03c3\u03c4\u03b9\u03c7\u03b1\u03ba\u03b9\u03b1 17.14 \u03bc\u03b1\u03c5\u03c1\u03bf\u03b9 \u03ba\u03c5\u03ba\u03bb\u03bf\u03b9 \u03ba\u03c1\u03b5\u03bc\u03b1 \u03c6\u03c5\u03c4\u03b9\u03ba\u03b7 \u0391\u03a1\u03a7\u0399\u039a\u0397 \u03a4\u0399\u039c\u0397: \u03c3\u03b1\u03b3\u03b1\u03c0\u03c9 \u03b3\u03b9\u03b1\u03c4\u03b9 \u03b5\u03b9\u03c3\u03b1\u03b9 \u03b5\u03c3\u03c5 9.71 En 2010-2011 le gouvernement qu\u00e9b\u00e9cois a per\u00e7u 60,2 G en imp\u00f4ts et en taxes..  Pour moi cest du pareil au m\u00eame, pourquoi serait-ce diff\u00e9rent? D\u00e9sign\u00e9 par le parti pour assumer les fonctions de whip. Le Parti qu\u00e9b\u00e9cois a obtenu le statut de groupe parlementaire reconnu, mais sans toutefois avoir un whip reconnu. Hugo Pilon-Larose, Le PQ d\u00e9voile son cabinet fant\u00f4me, La Presse, 22 octobre 2018, consult\u00e9 le 8 f\u00e9vrier 2019 Pis apres..ca ose dire bin non..on est acceuillant pis on aime tout le monde.. Pis apres ca ose dire..on est pas xenophobe..vous revez. \u039a\u03b1\u03ba\u03bf\u03ae\u03b8\u03b7\u03c3 \u03cc\u03b3\u03ba\u03bf\u03c3 \u03bc\u03b1\u03c3\u03c4\u03bf\u03cd \u03a4\u03bf \u03c0\u03c1\u03bf\u03ca\u03cc\u03bd \u03ad\u03c7\u03b5\u03b9 \u03c0\u03c1\u03bf\u03c3\u03c4\u03b5\u03b8\u03b5\u03af \u03c3\u03c4\u03bf \u03ba\u03b1\u03bb\u03ac\u03b8\u03b9 \u03c3\u03b1\u03c2 \u03bc\u03b5 \u03b5\u03c0\u03b9\u03c4\u03c5\u03c7\u03af\u03b1! Non pas si stupide si \u00e7a permettait de mettre la question de cot\u00e9 pour un bout de temps. Ce serait stupide de tenir un \u00e9lection en fin de mandat si on savait que le parti au pouvoir y serait report\u00e9? apr\u00e8s tout on ne ferait que confirmer la d\u00e9cision pr\u00e9c\u00e9dente. Lid\u00e9e ici serait de pouvoir passer \u00e0 autre chose, de senlever de sous l\u00e9p\u00e9e de D\u00e9mocles pour un temps.. Ce que r\u00e9v\u00e8lent aussi les sondages, lorsquils sont interpr\u00e9t\u00e9s correctement avec une pond\u00e9ration r\u00e9aliste des r\u00e9pondants discrets, cest quen tout d\u00e9but de campagne \u00e9lectorale, le OUI se situait aux alentours de 42, cest-\u00e0-dire quil recevait lappui de tout juste 50 des \u00e9lecteurs francophones. Mais d\u00e8s la derni\u00e8re semaine du mois de septembre, le OUI amorce une remont\u00e9e qui se poursuivra jusquau jour du vote: cette remont\u00e9e a donc commenc\u00e9 avant la nomination de Lucien Bouchard comme n\u00e9gociateur en chef. Leffet Bouchard, dont on a tant parl\u00e9, a donc \u00e9t\u00e9 sans doute moins important que ce que lon en a dit, puisque la remont\u00e9e du OUI pr\u00e9c\u00e8de de deux semaines son intronisation \u00e0 titre de chef du camp du OUI le 7 octobre: mais \u00e9videmment larriv\u00e9e de Lucien Bouchard na pu que consolider, et peut-\u00eatre amplifier, cette remont\u00e9e du OUI dans les sondages http:loutardeliberee.compodcast-player14933marine-pen-deplacement-a-montreal.mp3 Un autre texte Gaudium et spes 22 ouvre aussi largement les portes du salut. Parlant de lesp\u00e9rance des chr\u00e9tiens qui associ\u00e9s au myst\u00e8re pascal vont au-devant de la r\u00e9surrection p.146 <img decoding=\"async\" src=\"http:\/\/www.moelvemn.cf\/uploads\/Image\/15\/IMF_DIAPOACCUEIL\/GAB_INIT\/291_947_CNM-16.jpg\" alt=\"l\u00e9o bureau blouin rencontre lucien bouchard\" align=\"center\"> <img decoding=\"async\" src=\"http:\/\/www.fijshkill.ga\/wp-content\/uploads\/2017\/11\/mcsolaar_geopoetique.png\" alt=\"l\u00e9o bureau blouin rencontre lucien bouchard\" align=\"left\"> \u03a4\u03b9 \u03b3\u03af\u03bd\u03b5\u03c4\u03b1\u03b9 \u03cc\u03c4\u03b1\u03bd \u03bf \u03c3\u03ba\u03cd\u03bb\u03bf\u03c2 \u03c3\u03b1\u03c2 \u03ad\u03c7\u03b5\u03b9 \u03b3\u03b5\u03bd\u03ad\u03b8\u03bb\u03b9\u03b1, \u03c4\u03bf\u03c5 \u03ad\u03c7\u03b5\u03c4\u03b5 \u03b5\u03c4\u03bf\u03b9\u03bc\u03ac\u03c3\u03b5\u03b9 \u03bc\u03b9\u03b1 \u03b5\u03bd\u03c4\u03c5\u03c0\u03c9\u03c3\u03b9\u03b1\u03ba\u03ae \u03c6\u03b1\u03b3\u03b7\u03c4\u03cc\u03c4\u03bf\u03c5\u03c1\u03c4\u03b1 \u03b1\u03bb\u03bb\u03ac \u03c4\u03b7\u03bd.. \u03a3\u03b5 \u03b8\u03b5\u03bb\u03c9 \u03bf\u03c0\u03c9\u03c2 \u03b7 \u03b3\u03c1\u03b9\u03b1 \u03c4\u03b7 \u03b8\u03b5\u03c3\u03b7 \u03c3\u03c4\u03bf \u03bb\u03b5\u03c9\u03c6\u03bf\u03c1\u03b5\u03b9\u03bf Special Price \u03b1\u03c4\u03ac\u03ba\u03b5\u03c2 \u03b3\u03b9\u03b1 \u03b3\u03c5\u03bd\u03b1\u03af\u03ba\u03b5\u03c2 Quand L\u00e9o Bureau-Blouin rencontre Lucien Bouchard HuffPost Qu\u00e9bec Je vous abandonne..las de tenter de vous reveiller..jai enfin compris..vous etes pris du syndrome de Stockholms..et cest vous qui avez engag\u00e9 les comediens..probablement pour vous desennuyer. Comme qq ma deja dit..Laisse moi rever..la r\u00e9alit\u00e9 est trop dure.. Jai aim\u00e9 quand il a dit que la gauche comme la droite comme les syndicats et les gens daffaires et autres ont leurs places dans cette aventure. Point sur le i et barre sur les t \u00e0 ceux qui croient que la souverainet\u00e9 est r\u00e9serv\u00e9 \u00e0 la gauche. Mettez ca dans votre pipe Mme Marois. Vous avez repousser les conservateurs souverainistes pendant la campagne. Pour les p\u00e9quistes, ils ont toujours montr\u00e9 la porte aux chefs qui refusaient de faire la souverainet\u00e9. Lhistoire le prouve. Mais cest la faute des autres comme toujours.<\/p>\n","protected":false},"excerpt":{"rendered":"<p>l\u00e9o bureau blouin rencontre lucien bouchard<\/p>\n","protected":false},"author":1,"featured_media":0,"comment_status":"closed","ping_status":"closed","sticky":false,"template":"","format":"standard","meta":{"zakra_page_container_layout":"customizer","zakra_page_sidebar_layout":"customizer","zakra_remove_content_margin":false,"zakra_sidebar":"customizer","zakra_transparent_header":"customizer","zakra_logo":0,"zakra_main_header_style":"default","zakra_menu_item_color":"","zakra_menu_item_hover_color":"","zakra_menu_item_active_color":"","zakra_menu_active_style":"","zakra_page_header":true,"footnotes":""},"categories":[1],"tags":[],"_links":{"self":[{"href":"https:\/\/www.urwshop.net\/forum\/wp-json\/wp\/v2\/posts\/5511"}],"collection":[{"href":"https:\/\/www.urwshop.net\/forum\/wp-json\/wp\/v2\/posts"}],"about":[{"href":"https:\/\/www.urwshop.net\/forum\/wp-json\/wp\/v2\/types\/post"}],"author":[{"embeddable":true,"href":"https:\/\/www.urwshop.net\/forum\/wp-json\/wp\/v2\/users\/1"}],"replies":[{"embeddable":true,"href":"https:\/\/www.urwshop.net\/forum\/wp-json\/wp\/v2\/comments?post=5511"}],"version-history":[{"count":1,"href":"https:\/\/www.urwshop.net\/forum\/wp-json\/wp\/v2\/posts\/5511\/revisions"}],"predecessor-version":[{"id":5512,"href":"https:\/\/www.urwshop.net\/forum\/wp-json\/wp\/v2\/posts\/5511\/revisions\/5512"}],"wp:attachment":[{"href":"https:\/\/www.urwshop.net\/forum\/wp-json\/wp\/v2\/media?parent=5511"}],"wp:term":[{"taxonomy":"category","embeddable":true,"href":"https:\/\/www.urwshop.net\/forum\/wp-json\/wp\/v2\/categories?post=5511"},{"taxonomy":"post_tag","embeddable":true,"href":"https:\/\/www.urwshop.net\/forum\/wp-json\/wp\/v2\/tags?post=5511"}],"curies":[{"name":"wp","href":"https:\/\/api.w.org\/{rel}","templated":true}]}}