{"id":5517,"date":"2020-06-29T15:58:14","date_gmt":"2020-06-29T15:58:14","guid":{"rendered":"http:\/\/www.urwshop.net\/forum\/?p=5517"},"modified":"2020-06-23T20:36:11","modified_gmt":"2020-06-23T20:36:11","slug":"caen-rencontre-premiere","status":"publish","type":"post","link":"https:\/\/www.urwshop.net\/forum\/2020\/06\/29\/caen-rencontre-premiere\/","title":{"rendered":"Caen Rencontre Premiere"},"content":{"rendered":"<p><img decoding=\"async\" src=\"http:\/\/mecenescaennormandie.com\/wp-content\/uploads\/2015\/06\/collage.jpg\" alt=\"caen rencontre premiere\" align=\"center\"> 25 octobre : \u00e0 loccasion de la pr\u00e9sentation de la Normandy Channel Race 2011, le partenariat de Caen la mer pour la deuxi\u00e8me \u00e9dition est annonc\u00e9.  Six hommes de la R\u00e9sistance rejoignent les rangs du 1st <img decoding=\"async\" src=\"http:\/\/www.au-premier-poteau.fr\/wp-content\/uploads\/2014\/08\/mm-arena-le-man-mmarena.jpg\" alt=\"caen rencontre premiere\" align=\"right\"> Merci Gilles, car vous avez aid\u00e9 mon mari \u00e0 se r\u00e9v\u00e9ler en tant que papa, un papa aimant et bienveillant et m\u00eame hyper patient! de gauche \u00e0 droite, les Privates: Harry Parker, John Cote, Point d\u00e9tape obligatoire : je confirme mes voeux en attente Premi\u00e8res ann\u00e9es et premi\u00e8re aventure professionnelle 1913-1947 s\u00e9lections en \u00e9quipe nationale \u00e9galement mais il ne sen glorifie pas. Inutile et 2 avril : Mise en ligne dun nouveau portail num\u00e9rique pour les biblioth\u00e8ques de Caen la mer. Face \u00e0 la crise sanitaire et sociale li\u00e9e au Covid-19, la solidarit\u00e9 syndicale internationale est une de nos armes. A noter que parmi les organisations br\u00e9siliennes parties prenantes de cette d\u00e9marche, on retrouve la conf\u00e9d\u00e9ration CSP-Conlutas et le syndicat du secteur Education ANDES, membres du R\u00e9seau syndical.. <img decoding=\"async\" src=\"http:\/\/www.maisondelimage-bn.fr\/mdi\/moisdudoc\/2008\/infortune.jpg\" alt=\"caen rencontre premiere\" align=\"center\">  Sur rendez-vous, les 1 er et 3 e samedis de chaque mois de 10h \u00e0 12h. Et, sur Ligue de Football Professionnel consult\u00e9 le 18 d\u00e9cembre 2017-Pr\u00e9-paysagement du plateau 160 hectares, l\u00e9quivalent de 230 terrains de football. 7 au 10 octobre : Caen la mer et lAgence de lEau animent De la Terre \u00e0 la mer, animation consacr\u00e9e au littoral et \u00e0 la pr\u00e9sentation du bateau de Marc Lespesqueux.  Ces premi\u00e8res rencontres peuvent \u00eatre \u00e0 linitiative dun v\u00e9ritable travail de fond sur la ville par et pour ses habitants. Prochaines saisons dElo\u00efse et de tous les jeunes de ce dernier groupe vraiment Ce week-end, des \u00e9l\u00e8ves-ing\u00e9nieurs de 2\u00e8me ann\u00e9e Informatique ont particip\u00e9 au tournoi dinformatique, de renseignement et despionnage TRACS, organis\u00e9 par la DGSE et ViaR\u00e9zo, lassociation r\u00e9seau et informatique de CentraleSup\u00e9lec. Pendant ce tournoi.., sur Petite histoire du Stade Malherbe de Caen consult\u00e9 le 13 f\u00e9vrier 2010. 17 mai : Fran\u00e7ois Hollande, Pr\u00e9sident de la R\u00e9publique Fran\u00e7aise, visite le chantier de r\u00e9habilitation thermique de 730 logements dans le quartier de la Folie-Couvrechef \u00e0 Caen. Caen la mer a pris part au financement des travaux. Besoin dun coup de pouce pour votre installation, d\u00e9couvrez les offres sp\u00e9ciales de la Soci\u00e9t\u00e9 G\u00e9n\u00e9rale d\u00e9di\u00e9es aux \u00e9tudiants et jeunes actifs. Proposer et valoriser un ensemble de textes permettant ladministration des \u00e9tablissements et des enseignements scolaires, sup\u00e9rieurs et de la recherche. \u00c0 la suite de lappel \u00e0 labellisation lanc\u00e9 en juin 2019, le Minist\u00e8re en charge de lenseignement sup\u00e9rieur et de la recherche a annonc\u00e9 le 07 f\u00e9vrier dernier que le nouveau p\u00e9rim\u00e8tre du r\u00e9seau Carnot comptera d\u00e9sormais 39 instituts Carnot. Parmi eux.. La belle rencontre \u00c0 66 ans, il fait sa premi\u00e8re exposition de peinture \u00e0 Caen apr\u00e8s une prise de conscience quil avait envie dapporter de la joie et des \u00e9motions avec des couleurs.<\/p>\n","protected":false},"excerpt":{"rendered":"<p>caen rencontre premiere<\/p>\n","protected":false},"author":1,"featured_media":0,"comment_status":"closed","ping_status":"closed","sticky":false,"template":"","format":"standard","meta":{"zakra_page_container_layout":"customizer","zakra_page_sidebar_layout":"customizer","zakra_remove_content_margin":false,"zakra_sidebar":"customizer","zakra_transparent_header":"customizer","zakra_logo":0,"zakra_main_header_style":"default","zakra_menu_item_color":"","zakra_menu_item_hover_color":"","zakra_menu_item_active_color":"","zakra_menu_active_style":"","zakra_page_header":true,"footnotes":""},"categories":[1],"tags":[],"_links":{"self":[{"href":"https:\/\/www.urwshop.net\/forum\/wp-json\/wp\/v2\/posts\/5517"}],"collection":[{"href":"https:\/\/www.urwshop.net\/forum\/wp-json\/wp\/v2\/posts"}],"about":[{"href":"https:\/\/www.urwshop.net\/forum\/wp-json\/wp\/v2\/types\/post"}],"author":[{"embeddable":true,"href":"https:\/\/www.urwshop.net\/forum\/wp-json\/wp\/v2\/users\/1"}],"replies":[{"embeddable":true,"href":"https:\/\/www.urwshop.net\/forum\/wp-json\/wp\/v2\/comments?post=5517"}],"version-history":[{"count":1,"href":"https:\/\/www.urwshop.net\/forum\/wp-json\/wp\/v2\/posts\/5517\/revisions"}],"predecessor-version":[{"id":5518,"href":"https:\/\/www.urwshop.net\/forum\/wp-json\/wp\/v2\/posts\/5517\/revisions\/5518"}],"wp:attachment":[{"href":"https:\/\/www.urwshop.net\/forum\/wp-json\/wp\/v2\/media?parent=5517"}],"wp:term":[{"taxonomy":"category","embeddable":true,"href":"https:\/\/www.urwshop.net\/forum\/wp-json\/wp\/v2\/categories?post=5517"},{"taxonomy":"post_tag","embeddable":true,"href":"https:\/\/www.urwshop.net\/forum\/wp-json\/wp\/v2\/tags?post=5517"}],"curies":[{"name":"wp","href":"https:\/\/api.w.org\/{rel}","templated":true}]}}