{"id":5543,"date":"2020-06-29T10:13:47","date_gmt":"2020-06-29T10:13:47","guid":{"rendered":"http:\/\/www.urwshop.net\/forum\/?p=5543"},"modified":"2020-06-23T20:52:23","modified_gmt":"2020-06-23T20:52:23","slug":"rencontre-deutsch","status":"publish","type":"post","link":"https:\/\/www.urwshop.net\/forum\/2020\/06\/29\/rencontre-deutsch\/","title":{"rendered":"Rencontre Deutsch"},"content":{"rendered":"<p><img decoding=\"async\" src=\"http:\/\/www.mode-shop.fr\/images\/produits\/8\/Billet-Doux-4561089-2.jpg\" alt=\"rencontre deutsch\" align=\"center\"> Suivre la recherche en recevant les nouveaux r\u00e9sultats par courriel. Je vais \u00e0 la rencontre des acheteurs espagnols \u00e0 la fronti\u00e8re. Le Printemps de loc\u00e9an Les Aires marines prot\u00e9g\u00e9es AMP sont lun des moyens les plus effic.. <img decoding=\"async\" src=\"http:\/\/hellome.studio\/wp-content\/uploads\/HelloMe_Perspektive_Website_04.jpg\" alt=\"rencontre deutsch\" align=\"left\"> Passoire en m\u00e9tal incorpor\u00e9e. Contenance 330ml 3 tasses. Id\u00e9al au quotidien. Dies ist ein gutes Beispiel f\u00fcr den Gebrauch des Wortes. Cette journ\u00e9e est loccasion de rencontrer directement les chercheurs lors de rendez-vous daffaires pr\u00e9programm\u00e9s et, en parall\u00e8le, dassister \u00e0 des conf\u00e9rences pr\u00e9sentant des r\u00e9sultats de recherche et leurs perspectives de transfert. Au programme  Nos th\u00e9s proviennent de maisons de th\u00e9 en main familiales depuis plus de cent ans. \u00dcber diesen AbschnittSie lesen aiic.net, die Webseite des Internationalen Verbandes der Konferenzdolmetscher Aiic.net bietet Ihnen viele Informationen dank unserer langj\u00e4hrigen und erfolgreichen Erfahrung im Konferenzdolmetschen. Du interessierst dich f\u00fcr Frankreich und m\u00f6chtest die franz\u00f6sische Kultur und Sprache besser kennenlernen? Bei einem Schulaustausch mit deiner Klasse oder in Eigeninitiative entdeckst die franz\u00f6sische Lebensweise und das Leben im Nachbarland! Pirouette : G\u00e9rard Rouzier, com\u00e9dien et formateur th\u00e9\u00e2tral, est interrog\u00e9 sur sa rencontre avec l\u0153uvre de Marcel Jousse. Son travail de rejeu dun cours de Marcel Jousse. Lapport potentiel de lanthropologie de Jousse dans le milieu artistique actuel. Organis\u00e9 par German Films et Unifrance en collaboration \u00e9troite avec lAcad\u00e9mie, chaque Rendez-vous a lieu dans une ville diff\u00e9rente, tant\u00f4t en France ou en Allemagne. Les derni\u00e8res \u00e9ditions ont ainsi eu lieu \u00e0 Leipzig, Nancy, Berlin, Paris, Heidelberg ou Strasbourg. Appeler des b\u00e9n\u00e9voles pour un service mutuel volontariat, chantiers solidaires -Bouleversement du droit dauteur Europ\u00e9en? La proposition de la Commission Copyright in the Digital Single Market repr\u00e9sente-t-elle le d\u00e9but de la fin de la territorialit\u00e9? De 19h \u00e0 21h M\u00e9diath\u00e8que de M\u00e9rignac Michel Sainte-Marie du centre-ville Vous pouvez \u00e9galement payer en ligne en utilisant votre num\u00e9ro fiscal et la r\u00e9f\u00e9rence de votre avis rencontres en ligne pour les c\u00e9libataires Allemand. Rejoignez notre site de rencontre pour rencontrer des c\u00e9libataires Lauteur est accus\u00e9 davoir fait des choix politiques et religieux pour son M\u00e9tronome Im Oktober ist ein Gipfel mit dem Pr\u00e4sidenten von Ru\u00dfland geplant. Montez les niveaux et devenez le meilleur joueur dans le classement hebdomadaire! <img decoding=\"async\" src=\"http:\/\/www.take.christianhydrick.com\/Fiches\/images-fiches\/cm1\/geometrie\/cm1-geometrie-exercices-cercle-1a.jpg\" alt=\"rencontre deutsch\" align=\"left\"> Une erreur est survenue durant votre inscription aux newsletter de Nice-Matin et Var-Matin! -Maintien du march\u00e9 du DVD, lutte contre le piratage : des le\u00e7ons \u00e0 retenir de lindustrie cin\u00e9matographique allemande Rencontre avec lacteur et \u00e9crivain fran\u00e7ais Lor\u00e0nt Deutsch FORTALEZA, BRAZIL-JULY 04: Thiago Silva of Brazil scores his teams first goa during the 2014 FIFA World Cup Brazil Quarter Final match between Brazil and Colombia at Estadio Castelao on July 4, 2014 in Fortaleza, Brazil. Photo by Lars Baron-FIFAFIFA via Getty Images S\u00e9rie limit\u00e9e. Nous vous contacterons pour confirmer votre commande.<\/p>\n","protected":false},"excerpt":{"rendered":"<p>rencontre deutsch<\/p>\n","protected":false},"author":1,"featured_media":0,"comment_status":"closed","ping_status":"closed","sticky":false,"template":"","format":"standard","meta":{"zakra_page_container_layout":"customizer","zakra_page_sidebar_layout":"customizer","zakra_remove_content_margin":false,"zakra_sidebar":"customizer","zakra_transparent_header":"customizer","zakra_logo":0,"zakra_main_header_style":"default","zakra_menu_item_color":"","zakra_menu_item_hover_color":"","zakra_menu_item_active_color":"","zakra_menu_active_style":"","zakra_page_header":true,"footnotes":""},"categories":[1],"tags":[],"_links":{"self":[{"href":"https:\/\/www.urwshop.net\/forum\/wp-json\/wp\/v2\/posts\/5543"}],"collection":[{"href":"https:\/\/www.urwshop.net\/forum\/wp-json\/wp\/v2\/posts"}],"about":[{"href":"https:\/\/www.urwshop.net\/forum\/wp-json\/wp\/v2\/types\/post"}],"author":[{"embeddable":true,"href":"https:\/\/www.urwshop.net\/forum\/wp-json\/wp\/v2\/users\/1"}],"replies":[{"embeddable":true,"href":"https:\/\/www.urwshop.net\/forum\/wp-json\/wp\/v2\/comments?post=5543"}],"version-history":[{"count":1,"href":"https:\/\/www.urwshop.net\/forum\/wp-json\/wp\/v2\/posts\/5543\/revisions"}],"predecessor-version":[{"id":5544,"href":"https:\/\/www.urwshop.net\/forum\/wp-json\/wp\/v2\/posts\/5543\/revisions\/5544"}],"wp:attachment":[{"href":"https:\/\/www.urwshop.net\/forum\/wp-json\/wp\/v2\/media?parent=5543"}],"wp:term":[{"taxonomy":"category","embeddable":true,"href":"https:\/\/www.urwshop.net\/forum\/wp-json\/wp\/v2\/categories?post=5543"},{"taxonomy":"post_tag","embeddable":true,"href":"https:\/\/www.urwshop.net\/forum\/wp-json\/wp\/v2\/tags?post=5543"}],"curies":[{"name":"wp","href":"https:\/\/api.w.org\/{rel}","templated":true}]}}