{"id":5579,"date":"2020-06-29T20:42:01","date_gmt":"2020-06-29T20:42:01","guid":{"rendered":"http:\/\/www.urwshop.net\/forum\/?p=5579"},"modified":"2020-06-23T21:26:06","modified_gmt":"2020-06-23T21:26:06","slug":"mon-bled-rencontre-algerie","status":"publish","type":"post","link":"https:\/\/www.urwshop.net\/forum\/2020\/06\/29\/mon-bled-rencontre-algerie\/","title":{"rendered":"Mon Bled Rencontre Algerie"},"content":{"rendered":"<p>De nous, dans une voix qui vrille la nuit et laudience comme la p\u00e9n\u00e9trante,simple_text:Un coll\u00e8gue journaliste vient d\u00eatre touch\u00e9 par un \u00e9clat de grenade. JusticePourAdama,quoted_status:null,retweeted_status_id:null,screen_name:MTGphotographe,name:Taha,description: Photographe ind\u00e9pendant Contactmtg-photo.frn lahessmedia REC_Collectif fb: https:t.co9HKrkMbOSL,location:,rt_fav_ratio:1.6015625,language_id:3,source_url:http:twitter.comdownloadandroid,source_name:Twitter for Android,tweet_type:null,media_url:https:pbs.twimg.comext_tw_video_thumb1271832763314909185puimg35RHAWIjRwKzB10y.jpg,multi_media:false,poster_url:https:pbs.twimg.comext_tw_video_thumb1271832763314909185puimg35RHAWIjRwKzB10y.jpg,aspect_ratio:1.7777777777777777,video_urls:https:video.twimg.comext_tw_video1271832763314909185puvid1280x720qDOqi95875cJjRLv.mp4?tag10,https:video.twimg.comext_tw_video1271832763314909185puvid640x360GtZacxLeabZJLl_1.mp4?tag10,https:video.twimg.comext_tw_video1271832763314909185puvid480x270P-qdfHfVlzTgHUby.mp4?tag10,text:Un coll\u00e8gue journaliste vient d\u00eatre touch\u00e9 par un \u00e9clat de grenade.,text_org:Un coll\u00e8gue journaliste vient d\u00eatre touch\u00e9 par un \u00e9clat de grenade. JusticePourAdama https:t.coyHCvKV4YPO,text_no_media:Un coll\u00e8gue journaliste vient d\u00eatre touch\u00e9 par un \u00e9clat de grenade.,url_tcos:,media_badge:,processed:true,count:3,created_at:2020-06-13T13:46:20.00000:00,id:1271801077147545602,id_str:1271801077147545602,full_text:G\u00e9n\u00e9ration Identitaire a d\u00e9cid\u00e9 de rendre visite aux manifestants du comit\u00e9 Justice pour Adama. On avait un message pour eux.nnRejoins-nous nnhttps:t.co91fVgiACHonnSoutenez-nous nnhttps:t.coQ6QLs5vfLBnnStopAuxTraorennG\u00e9n\u00e9rationAdamannJusticePourAdama https:t.cokPCEaMhHKF,truncated:false,display_text_range:0,267,entities:hashtags:text:StopAuxTraore,indices:216,230,text:G\u00e9n\u00e9rationAdama,indices:232,248,text:JusticePourAdama,indices:250,267,symbols:,user_mentions:,urls:url:https:t.co91fVgiACHo,expanded_url:http:vu.frContactGI,display_url:vu.frContactGI,indices:148,171,url:https:t.coQ6QLs5vfLB,expanded_url:https:colleo.frcagnotte18288soutien-gi,display_url:colleo.frcagnotte18288,indices:191,214,media:id:1271800841998131202,id_str:1271800841998131202,indices:268,291,media_url:http:pbs.twimg.comext_tw_video_thumb1271800841998131202puimg3HZ0DV-zO7tJa84_.jpg,media_url_https:https:pbs.twimg.comext_tw_video_thumb1271800841998131202puimg3HZ0DV-zO7tJa84_.jpg,url:https:t.cokPCEaMhHKF,display_url:pic.twitter.comkPCEaMhHKF,expanded_url:https:twitter.comRomainEspinostatus1271801077147545602video1,type:photo,sizes:thumb:w:150,h:150,resize:crop,medium:w:1200,h:675,resize:fit,small:w:680,h:383,resize:fit,large:w:1280,h:720,resize:fit,extended_entities:media:id:1271800841998131202,id_str:1271800841998131202,indices:268,291,media_url:http:pbs.twimg.comext_tw_video_thumb1271800841998131202puimg3HZ0DV-zO7tJa84_.jpg,media_url_https:https:pbs.twimg.comext_tw_video_thumb1271800841998131202puimg3HZ0DV-zO7tJa84_.jpg,url:https:t.cokPCEaMhHKF,display_url:pic.twitter.comkPCEaMhHKF,expanded_url:https:twitter.comRomainEspinostatus1271801077147545602video1,type:video,sizes:thumb:w:150,h:150,resize:crop,medium:w:1200,h:675,resize:fit,small:w:680,h:383,resize:fit,large:w:1280,h:720,resize:fit,video_info:aspect_ratio:16,9,duration_millis:8709,variants:bitrate:832000,content_type:videomp4,url:https:video.twimg.comext_tw_video1271800841998131202puvid640x360-phs8HiqRn5ijdCB.mp4?tag10,content_type:applicationx-mpegURL,url:https:video.twimg.comext_tw_video1271800841998131202puplHsGmDo7LLrr2_pC7.m3u8?tag10,bitrate:2176000,content_type:videomp4,url:https:video.twimg.comext_tw_video1271800841998131202puvid1280x720CrEkPVBR5wInA36O.mp4?tag10,bitrate:256000,content_type:videomp4,url:https:video.twimg.comext_tw_video1271800841998131202puvid480x270qtESSG2GUG4s2tUm.mp4?tag10,additional_media_info:monetizable:false,source:,in_reply_to_status_id:null,in_reply_to_status_id_str:null,in_reply_to_user_id:null,in_reply_to_user_id_str:null,in_reply_to_screen_name:null,user:id:2428614463,id_str:2428614463,name:Romain Espino,screen_name:RomainEspino,location:Lyon,description:Porte-parole de G\u00e9n\u00e9ration Identitaire.nn Participe \u00e0 la reconqu\u00eate, contacte-nous \ufe0f https:t.coIw6eUss4DJ,url:https:t.cohVvAiylerO,entities:url:urls:url:https:t.cohVvAiylerO,expanded_url:https:generationidentitaire.orgsoutenir,display_url:generationidentitaire.orgsoutenir,indices:0,23,description:urls:url:https:t.coIw6eUss4DJ,expanded_url:http:vu.frContactGI,display_url:vu.frContactGI,indices:89,112,protected:false,followers_count:17924,friends_count:1014,listed_count:80,created_at:2014-04-05T09:24:31.00000:00,favourites_count:2943,utc_offset:null,time_zone:null,geo_enabled:true,verified:false,statuses_count:4340,lang:null,contributors_enabled:false,is_translator:false,is_translation_enabled:false,profile_background_color:022330,profile_background_image_url:http:abs.twimg.comimagesthemestheme15bg.png,profile_background_image_url_https:https:abs.twimg.comimagesthemestheme15bg.png,profile_background_tile:false,profile_image_url:http:pbs.twimg.comprofile_images9883463749944483847EpDKgBN_normal.jpg,profile_image_url_https:https:pbs.twimg.comprofile_images9883463749944483847EpDKgBN_normal.jpg,profile_banner_url:https:pbs.twimg.comprofile_banners24286144631540208873,profile_link_color:0084B4,profile_sidebar_border_color:000000,profile_sidebar_fill_color:C0DFEC,profile_text_color:333333,profile_use_background_image:true,has_extended_profile:false,default_profile:false,default_profile_image:false,following:false,follow_request_sent:false,notifications:false,translator_type:none,geo:null,coordinates:null,place:null,contributors:null,is_quote_status:false,retweet_count:624,favorite_count:1456,favorited:false,retweeted:false,possibly_sensitive:false,lang:fr,media_type:video,plain_text: <img decoding=\"async\" src=\"http:\/\/cdn.purple.fr\/7dea1ba3c116b3b6dce36908314585d9\/static.purple.fr\/2015\/06\/Chance__MG_7024_Adb98_PFM16_RVB_0247-200x300.jpg\/300x300\/Chance__MG_7024_Adb98_PFM16_RVB_0247-200x300.jpg\" alt=\"mon bled rencontre algerie\" align=\"center\"> Marseille: enqu\u00eate sur de possibles fraudes aux procurations chez LR, perquisition au QG de campagne sources concordantes AFP Municipales2020,simple_text:Marseille: enqu\u00eate sur de possibles fraudes aux procurations chez LR, perquisition au QG de campagne sources concordantes AFP Municipales2020,possibly_sensitive:false,quoted_status:null,retweeted_status_id:null,screen_name:GuillaumeDaret,name:Guillaume Daret,description:Grand Reporter-Service Politique FranceTele, Les 4 V\u00e9rit\u00e9s telematin, Auteur du livre Le Fort de Br\u00e9gan\u00e7on EdLObservatoire,location:Paris-Lyon-Thionville,rt_fav_ratio:0.8427947598253275,language_id:3,source_url:http:twitter.comdownloadiphone,source_name:Twitter for iPhone,tweet_type:null,multi_media:false,text:: enqu\u00eate sur de possibles fraudes aux procurations chez LR, perquisition au QG de campagne sources concordantes,text_org:Marseille: enqu\u00eate sur de possibles fraudes aux procurations chez LR, perquisition au QG de campagne sources concordantes AFP Municipales2020,text_no_media:null,url_tcos:,processed:true,count:2,in_reply_to_status:null,created_at:2020-06-13T16:12:10.000Z,id:1271837776766537728,id_str:1271837776766537728,full_text:Voiture, tu nous pompes lair!nnOnVeutRespirer Municipales2020 Municipales28Juin Marseille https:t.coZ35gyc5i6i,truncated:false,display_text_range:0,95,entities:hashtags:text:OnVeutRespirer,indices:33,48,text:Municipales2020,indices:49,65,text:Municipales28Juin,indices:66,84,text:Marseille,indices:85,95,symbols:,user_mentions:,urls:,media:id:1271837773515952134,id_str:1271837773515952134,indices:96,119,media_url:http:pbs.twimg.commediaEaZ5t25XkAYnM0a.jpg,media_url_https:https:pbs.twimg.commediaEaZ5t25XkAYnM0a.jpg,url:https:t.coZ35gyc5i6i,display_url:pic.twitter.comZ35gyc5i6i,expanded_url:https:twitter.comAlternatibaMarstatus1271837776766537728photo1,type:photo,sizes:thumb:w:150,h:150,resize:crop,small:w:680,h:480,resize:fit,medium:w:843,h:595,resize:fit,large:w:843,h:595,resize:fit,extended_entities:media:id:1271837773515952134,id_str:1271837773515952134,indices:96,119,media_url:http:pbs.twimg.commediaEaZ5t25XkAYnM0a.jpg,media_url_https:https:pbs.twimg.commediaEaZ5t25XkAYnM0a.jpg,url:https:t.coZ35gyc5i6i,display_url:pic.twitter.comZ35gyc5i6i,expanded_url:https:twitter.comAlternatibaMarstatus1271837776766537728photo1,type:photo,sizes:thumb:w:150,h:150,resize:crop,small:w:680,h:480,resize:fit,medium:w:843,h:595,resize:fit,large:w:843,h:595,resize:fit,source:,in_reply_to_status_id:null,in_reply_to_status_id_str:null,in_reply_to_user_id:null,in_reply_to_user_id_str:null,in_reply_to_screen_name:null,user:id:3066040385,id_str:3066040385,name:Alternatiba Marseille,screen_name:AlternatibaMar,location:Marseille,description:Mouvement citoyen de promotion des alternatives pour la justice climatique et sociale nAdh\u00e9sionDon : https:t.coji52e3C1MP,url:https:t.coWeK6C6v9Hy,entities:url:urls:url:https:t.coWeK6C6v9Hy,expanded_url:https:alternatiba.eumarseille,display_url:alternatiba.eumarseille,indices:0,23,description:urls:url:https:t.coji52e3C1MP,expanded_url:https:frama.linkAlternatibaMarseille,display_url:frama.linkAlternatibaMar,indices:103,126,protected:false,followers_count:860,friends_count:404,listed_count:28,created_at:2015-03-02T17:36:04.00000:00,favourites_count:2196,utc_offset:null,time_zone:null,geo_enabled:true,verified:false,statuses_count:5540,lang:null,contributors_enabled:false,is_translator:false,is_translation_enabled:false,profile_background_color:000000,profile_background_image_url:http:abs.twimg.comimagesthemestheme1bg.png,profile_background_image_url_https:https:abs.twimg.comimagesthemestheme1bg.png,profile_background_tile:false,profile_image_url:http:pbs.twimg.comprofile_images1250149926400655362y0Ysx1-v_normal.jpg,profile_image_url_https:https:pbs.twimg.comprofile_images1250149926400655362y0Ysx1-v_normal.jpg,profile_banner_url:https:pbs.twimg.comprofile_banners30660403851587298761,profile_link_color:4A913C,profile_sidebar_border_color:000000,profile_sidebar_fill_color:000000,profile_text_color:000000,profile_use_background_image:false,has_extended_profile:false,default_profile:false,default_profile_image:false,following:false,follow_request_sent:false,notifications:false,translator_type:none,geo:null,coordinates:null,place:null,contributors:null,is_quote_status:false,retweet_count:6,favorite_count:8,favorited:false,retweeted:false,possibly_sensitive:false,lang:fr,media_type:photo,plain_text:,url_tcos:,media_badge:,processed:true,count:1,created_at:2020-06-13T15:02:43.00000:00,id:1271820301995835396,id_str:1271820301995835396,full_text:Il est 17h, si on avait pu marcher, on serait d\u00e9j\u00e0 arriv\u00e9s.n\u00c0 la place on est toujours coinc\u00e9s \u00e0 R\u00e9pu en train de respirer les douces odeurs de gaz. NJusticePourAdama AdamaTraore Republique Laisseznousrespirer,truncated:false,display_text_range:0,214,entities:hashtags:text:JusticePourAdama,indices:151,168,text:AdamaTraore,indices:169,181,text:Republique,indices:182,193,text:Laisseznousrespirer,indices:194,214,symbols:,user_mentions:,urls:,source:,in_reply_to_status_id:null,in_reply_to_status_id_str:null,in_reply_to_user_id:null,in_reply_to_user_id_str:null,in_reply_to_screen_name:null,user:id:571218180,id_str:571218180,name:Colonel Fumette,screen_name:MarionCanneval,location:Ast\u00e9ro\u00efde B612,description:actrice, danseuse, cr\u00e9atrice de contenu-ils ne nous auront pas,url:https:t.cozG9rS07GRq,entities:url:urls:url:https:t.cozG9rS07GRq,expanded_url:http:Instagram.commarioncanneval,display_url:Instagram.commarioncanneval,indices:0,23,description:urls:,protected:false,followers_count:3194,friends_count:498,listed_count:19,created_at:2012-05-04T20:43:17.00000:00,favourites_count:163743,utc_offset:null,time_zone:null,geo_enabled:true,verified:false,statuses_count:60969,lang:null,contributors_enabled:false,is_translator:false,is_translation_enabled:false,profile_background_color:C0DEED,profile_background_image_url:http:abs.twimg.comimagesthemestheme1bg.png,profile_background_image_url_https:https:abs.twimg.comimagesthemestheme1bg.png,profile_background_tile:true,profile_image_url:http:pbs.twimg.comprofile_images1265429664765554688tNcdQJFi_normal.jpg,profile_image_url_https:https:pbs.twimg.comprofile_images1265429664765554688tNcdQJFi_normal.jpg,profile_banner_url:https:pbs.twimg.comprofile_banners5712181801590867561,profile_link_color:791BD1,profile_sidebar_border_color:FFFFFF,profile_sidebar_fill_color:DDEEF6,profile_text_color:333333,profile_use_background_image:true,has_extended_profile:true,default_profile:false,default_profile_image:false,following:false,follow_request_sent:false,notifications:false,translator_type:none,geo:null,coordinates:null,place:null,contributors:null,is_quote_status:false,retweet_count:33,favorite_count:50,favorited:false,retweeted:false,lang:fr,media_type:null,plain_text: la suspension, depuis le 5 f\u00e9vrier, des dessertes a\u00e9riennes vers la Chine ; Depuis le 2 juin, une nouvelle \u00e9tape est franchie dans la gestion de la crise sanitaire avec la poursuite du d\u00e9confinement. Dans ce cadre et au fil des annonces du Gouvernement, la Ville de Nantes poursuit louverture et la remise en service progressive des locaux associatifs Le.. <img decoding=\"async\" src=\"http:\/\/revmikewilliams.org\/img\/d5ae5c01e3cc167762d6a39d7b4eb3ef.jpg\" alt=\"mon bled rencontre algerie\" align=\"center\">.YvesMoraine, maire des 6\u00e8me et 8\u00e8me arrondissements, deuxi\u00e8me de liste de MartineVassal, avocat, pr\u00e9sident du groupe lesRepublicains au conseil municipal affirme ne pas conna\u00eetre la loi. Ils se foutront de nous jusquau bout! Culture scientifique : des lieux accessibles \u00e0 tous \u00e0 Nantes Vous me conseillez daller porter plainte ou \u00e7a sert \u00e0 rien? Rapatriement au bled. Directement, sans philosophie. Un coll\u00e8gue journaliste vient d\u00eatre touch\u00e9 par un \u00e9clat de grenade. JusticePourAdama NI OUBLI NI PARDON Pour ces Anti-France. Comme au temps des porteurs de valises pour lalg\u00e9rie alg\u00e9rienne. Je suis de France, je d\u00e9sire rentrer en contact avec vous! La r\u00e9f\u00e9rence des sites de rencontres entre Maghr\u00e9bins ou Musulmans A closer look at our new 202021 wear that was unveiled today! Lacrobate 94 qui escalade un immeuble pour d\u00e9crocher la banderole de G\u00e9n\u00e9ration Identitaire Questo sito usa cookie per permetterci di fornirti la migliore esperienza possibile. Le informazioni sui cookie sono immagazzinate nel tuo browser e rendono possibili alcune funzioni come il tuo riconoscimento quando ritorni sul nostro sito ed aiutano il nostro team a capire quali sezioni del nostro sito trovi pi\u00f9 interessanti ed utili. Ou Dialogues avec le mot-\u00e0-mot et la prononciation interlin\u00e9aires figur\u00e9s en caract\u00e8res fran\u00e7ais, par Jean-Honorat Delaporte, Alger 1841,url_tcos:,media_badge:,processed:true,count:1,created_at:2020-06-13T08:57:08.00000:00,id:1271728299853729794,id_str:1271728299853729794,full_text:Sauver leurs places, leurs privil\u00e8ges, leurs petits pouvoirs, leur business darri\u00e8re-boutique et ceux de leurs comp\u00e8res, voil\u00e0 uniquement ce qui les animent.nEt pour \u00e7a, ils sont pr\u00eats \u00e0 tout.nhttps:t.conexJE8j5JXnMunicipales2020 Marseille,truncated:false,display_text_range:0,245,entities:hashtags:text:Municipales2020,indices:218,234,text:Marseille,indices:235,245,symbols:,user_mentions:,urls:url:https:t.conexJE8j5JX,expanded_url:https:www.huffingtonpost.frentrymunicipales-ces-bastions-de-droite-qui-agitent-le-peril-rouge-pour-se-sauver_fr_5ee237dbc5b609eb15f1652e?utm_hp_reffr-politique,display_url:huffingtonpost.frentrymunicipa,indices:194,217,source:,in_reply_to_status_id:null,in_reply_to_status_id_str:null,in_reply_to_user_id:null,in_reply_to_user_id_str:null,in_reply_to_screen_name:null,user:id:292404429,id_str:292404429,name:Jean-Paul Kopp,screen_name:jeanpaul_kopp,location:Marseille,description:Militant associatif Marseille-nPassionn\u00e9 dHistoire-nObservateur attentif et commentateur subjectif des Municipales2020 \u00e0 Marseille Marseille2020,url:null,entities:description:urls:,protected:false,followers_count:4185,friends_count:1316,listed_count:80,created_at:2011-05-03T16:02:26.00000:00,favourites_count:3341,utc_offset:null,time_zone:null,geo_enabled:true,verified:false,statuses_count:14749,lang:null,contributors_enabled:false,is_translator:false,is_translation_enabled:false,profile_background_color:3D0F25,profile_background_image_url:http:abs.twimg.comimagesthemestheme1bg.png,profile_background_image_url_https:https:abs.twimg.comimagesthemestheme1bg.png,profile_background_tile:false,profile_image_url:http:pbs.twimg.comprofile_images1337402419jp_n_normal.jpg,profile_image_url_https:https:pbs.twimg.comprofile_images1337402419jp_n_normal.jpg,profile_banner_url:https:pbs.twimg.comprofile_banners2924044291507746083,profile_link_color:4A913C,profile_sidebar_border_color:EBC1EB,profile_sidebar_fill_color:F4DCF5,profile_text_color:333333,profile_use_background_image:true,has_extended_profile:false,default_profile:false,default_profile_image:false,following:false,follow_request_sent:false,notifications:false,translator_type:none,geo:null,coordinates:null,place:null,contributors:null,is_quote_status:false,retweet_count:15,favorite_count:23,favorited:false,retweeted:false,possibly_sensitive:false,lang:fr,media_type:null,plain_text:  Dans un premier temps, ces pauvres enfants apprendront cette horrible langue quest larabe. Ensuite, on leur enseignera des sourates du coran. Dans un pays v\u00e9rol\u00e9 \u00e0 ce point, tout est possible.  <img decoding=\"async\" src=\"http:\/\/www.muttereyd.tk\/wp-content\/uploads\/2017\/08\/Formation-executive-continue.jpg\" alt=\"mon bled rencontre algerie\" align=\"left\"> AdamaTraor\u00e9 ValeursActuelles Antiracisme JusticepourAdama Manifestation BlackLivesMatter You can email the site owner to let them know you were blocked. Please include what you were doing when this page came up and the Cloudflare Ray ID found at the bottom of this page. .<\/p>\n","protected":false},"excerpt":{"rendered":"<p>mon bled rencontre algerie<\/p>\n","protected":false},"author":1,"featured_media":0,"comment_status":"closed","ping_status":"closed","sticky":false,"template":"","format":"standard","meta":{"zakra_page_container_layout":"customizer","zakra_page_sidebar_layout":"customizer","zakra_remove_content_margin":false,"zakra_sidebar":"customizer","zakra_transparent_header":"customizer","zakra_logo":0,"zakra_main_header_style":"default","zakra_menu_item_color":"","zakra_menu_item_hover_color":"","zakra_menu_item_active_color":"","zakra_menu_active_style":"","zakra_page_header":true,"footnotes":""},"categories":[1],"tags":[],"_links":{"self":[{"href":"https:\/\/www.urwshop.net\/forum\/wp-json\/wp\/v2\/posts\/5579"}],"collection":[{"href":"https:\/\/www.urwshop.net\/forum\/wp-json\/wp\/v2\/posts"}],"about":[{"href":"https:\/\/www.urwshop.net\/forum\/wp-json\/wp\/v2\/types\/post"}],"author":[{"embeddable":true,"href":"https:\/\/www.urwshop.net\/forum\/wp-json\/wp\/v2\/users\/1"}],"replies":[{"embeddable":true,"href":"https:\/\/www.urwshop.net\/forum\/wp-json\/wp\/v2\/comments?post=5579"}],"version-history":[{"count":1,"href":"https:\/\/www.urwshop.net\/forum\/wp-json\/wp\/v2\/posts\/5579\/revisions"}],"predecessor-version":[{"id":5580,"href":"https:\/\/www.urwshop.net\/forum\/wp-json\/wp\/v2\/posts\/5579\/revisions\/5580"}],"wp:attachment":[{"href":"https:\/\/www.urwshop.net\/forum\/wp-json\/wp\/v2\/media?parent=5579"}],"wp:term":[{"taxonomy":"category","embeddable":true,"href":"https:\/\/www.urwshop.net\/forum\/wp-json\/wp\/v2\/categories?post=5579"},{"taxonomy":"post_tag","embeddable":true,"href":"https:\/\/www.urwshop.net\/forum\/wp-json\/wp\/v2\/tags?post=5579"}],"curies":[{"name":"wp","href":"https:\/\/api.w.org\/{rel}","templated":true}]}}