{"id":5683,"date":"2020-06-29T08:25:00","date_gmt":"2020-06-29T08:25:00","guid":{"rendered":"http:\/\/www.urwshop.net\/forum\/?p=5683"},"modified":"2020-06-23T22:47:12","modified_gmt":"2020-06-23T22:47:12","slug":"semaine-des-rencontres-interculturelles","status":"publish","type":"post","link":"https:\/\/www.urwshop.net\/forum\/2020\/06\/29\/semaine-des-rencontres-interculturelles\/","title":{"rendered":"Semaine Des Rencontres Interculturelles"},"content":{"rendered":"<p>La com\u00e9dienne, pr\u00e9sidente des courts-m\u00e9trages, a \u00e9t\u00e9 mari\u00e9e au dirigeant du festival,. : r\u00e9alisateur, sc\u00e9nariste et producteur burkinab\u00e8, sur, mis en ligne le 18 novembre 2014 consult\u00e9 le 15 octobre 2016  Les combinaisons ACC, sauf exception, ne sont pas retenues. Une priorit\u00e9 : linsertion professionnelle Elle poss\u00e8de de nombreux dipl\u00f4mes reconnus certifi\u00e9 ou vis\u00e9. Cette \u00e9cole fait, \u00e9galement parti de r\u00e9seaux d\u00e9coles prestigieux avec des certifications et labels qualit\u00e9s. Bonne saison Bonne saison ma belle! Bonne saison! 16 Likes 13h3019h45 services ferm\u00e9s au public le mardi matin Magasin de meubles, salons, literie et d\u00e9coration \u00e0 petit prix. Livraison \u00e0 domicile, enl\u00e8vement des anciens meubles, assemblage, acc\u00e8s handicap\u00e9.Plus de 400m2 dexposition. Ouvert du mardi au.. Les lieux-Savourer Rond point de la Tourette Moli\u00e8res-Cavaillac 30120 Piquer une t\u00eate sous la glace du lac Lioson Suisse La Semaine qu\u00e9b\u00e9coise des rencontres interculturelles, qui se tient du 5 au 11 novembre sous le th\u00e8me Entrez dans la danse, vise \u00e0 mettre en valeur la contribution des Qu\u00e9b\u00e9coises et des Qu\u00e9b\u00e9cois de toutes origines au d\u00e9veloppement du Qu\u00e9bec, \u00e0 encourager le dialogue et \u00e0 susciter le rapprochement interculturel. Pour loccasion, David Goudreault, ambassadeur de la SSRI, a r\u00e9alis\u00e9 une tourn\u00e9e dans diff\u00e9rentes \u00e9coles primaires et secondaires de Sherbrooke pour sensibiliser les jeunes \u00e0 la diversit\u00e9 culturelle. Le po\u00e8te-slameur sest inspir\u00e9 des commentaires entendus lors de ses nombreuses rencontres pour en faire un po\u00e8me collectif.n La Semaine qu\u00e9b\u00e9coise des rencontres interculturelles soulign\u00e9e \u00e0 Rosemont Coll\u00e8ge Rosemont  Vous aimeriez partager avec dautres votre exp\u00e9rience, mais aussi vos questionnements et vos inqui\u00e9tudes, tant sur ce monde qui continue \u00e0 \u00e9voluer que sur votre propre vie confront\u00e9e au vieillissement. Et le faire avec des femmes et des hommes qui partagent des valeurs proches des v\u00f4tres. Si la langue semble semaine rencontre interculturelle le principal v\u00e9hicule pour se dire \u00e0 soi-m\u00eame et se r\u00e9v\u00e9ler aux autres comme culture, elle appara\u00eet comme lexpression de ce qui nous habite, en qu\u00eate des mots pour se dire et se comprendre, et par del\u00e0 ceux-ci, comment apprivoiser ce semaine rencontre interculturelle immense qui mouvre \u00e0 moi-m\u00eame. <img decoding=\"async\" src=\"http:\/\/www.cldmontmagny.com\/fichiersUpload\/tinymce\/20171010134924-20171010134852-groupe-nouveaux-arrivants.jpg\" alt=\"semaine des rencontres interculturelles\" align=\"right\"> Semaine qu\u00e9b\u00e9coise des rencontres interculturelles SQRI La Semaine qu\u00e9b\u00e9coise des rencontres interculturelles Atlas Media Semaine des rencontres interculturelles: le Phare vous invite! IOU Respect 2019 Du 21 juillet au 03 ao\u00fbt 2019 Ramlieh et Beyrouth, LIBAN Pays participants : Egypte, Tunisie, Liban, Allemagne et France Si un homme sacquittait mal de sa semaine rencontre interculturelle, son pouvoir pouvait lui \u00eatre retir\u00e9 par celle qui le lui avait donn\u00e9. 2020 Institut maritime du Qu\u00e9bec-Tous droits r\u00e9serv\u00e9s Rendre compte de la visite dun lieu de conservation ou de diffusion artistique ou de la rencontre avec un m\u00e9tier du patrimoine <img decoding=\"async\" src=\"http:\/\/www.oedc.qc.ca\/files\/u1433\/image001.jpg\" alt=\"semaine des rencontres interculturelles\" align=\"right\"> Acqu\u00e9rir des \u00e9l\u00e9ments de culture litt\u00e9raire et artistique <img decoding=\"async\" src=\"http:\/\/www.courrierdeportneuf.com\/wp-content\/uploads\/pdf-light-viewer\/16064\/page-00002.jpg\" alt=\"semaine des rencontres interculturelles\" align=\"left\"> .<\/p>\n","protected":false},"excerpt":{"rendered":"<p>semaine des rencontres interculturelles<\/p>\n","protected":false},"author":1,"featured_media":0,"comment_status":"closed","ping_status":"closed","sticky":false,"template":"","format":"standard","meta":{"zakra_page_container_layout":"customizer","zakra_page_sidebar_layout":"customizer","zakra_remove_content_margin":false,"zakra_sidebar":"customizer","zakra_transparent_header":"customizer","zakra_logo":0,"zakra_main_header_style":"default","zakra_menu_item_color":"","zakra_menu_item_hover_color":"","zakra_menu_item_active_color":"","zakra_menu_active_style":"","zakra_page_header":true,"footnotes":""},"categories":[1],"tags":[],"_links":{"self":[{"href":"https:\/\/www.urwshop.net\/forum\/wp-json\/wp\/v2\/posts\/5683"}],"collection":[{"href":"https:\/\/www.urwshop.net\/forum\/wp-json\/wp\/v2\/posts"}],"about":[{"href":"https:\/\/www.urwshop.net\/forum\/wp-json\/wp\/v2\/types\/post"}],"author":[{"embeddable":true,"href":"https:\/\/www.urwshop.net\/forum\/wp-json\/wp\/v2\/users\/1"}],"replies":[{"embeddable":true,"href":"https:\/\/www.urwshop.net\/forum\/wp-json\/wp\/v2\/comments?post=5683"}],"version-history":[{"count":1,"href":"https:\/\/www.urwshop.net\/forum\/wp-json\/wp\/v2\/posts\/5683\/revisions"}],"predecessor-version":[{"id":5684,"href":"https:\/\/www.urwshop.net\/forum\/wp-json\/wp\/v2\/posts\/5683\/revisions\/5684"}],"wp:attachment":[{"href":"https:\/\/www.urwshop.net\/forum\/wp-json\/wp\/v2\/media?parent=5683"}],"wp:term":[{"taxonomy":"category","embeddable":true,"href":"https:\/\/www.urwshop.net\/forum\/wp-json\/wp\/v2\/categories?post=5683"},{"taxonomy":"post_tag","embeddable":true,"href":"https:\/\/www.urwshop.net\/forum\/wp-json\/wp\/v2\/tags?post=5683"}],"curies":[{"name":"wp","href":"https:\/\/api.w.org\/{rel}","templated":true}]}}