{"id":5847,"date":"2020-06-29T09:43:08","date_gmt":"2020-06-29T09:43:08","guid":{"rendered":"http:\/\/www.urwshop.net\/forum\/?p=5847"},"modified":"2020-06-24T01:13:33","modified_gmt":"2020-06-24T01:13:33","slug":"rencontres-professionnelles-de-la-democratie-participative","status":"publish","type":"post","link":"https:\/\/www.urwshop.net\/forum\/2020\/06\/29\/rencontres-professionnelles-de-la-democratie-participative\/","title":{"rendered":"Rencontres Professionnelles De La D\u00e9mocratie Participative"},"content":{"rendered":"<p>Quatorze nouveaux projets de coop\u00e9ration au d\u00e9veloppement s\u00e9lectionn\u00e9s par lARES dans le cadre de son appel \u00e0 projets 2019 d\u00e9marrent cette ann\u00e9e dans 12 pays dAfrique, dAsie et dAm\u00e9rique latine Cara\u00efbes. Financ\u00e9s par la Coop\u00e9ration belge, les projets, ax\u00e9s formation et recherche scientifique, sarticulent autour de probl\u00e9matiques de d\u00e9veloppement et sont mis en \u0153uvre par les \u00e9tablissements denseignement sup\u00e9rieur en F\u00e9d\u00e9ration Wallonie-Bruxelles et leurs partenaires du Sud dans un objectif de renforcement des capacit\u00e9s et de durabilit\u00e9 au sens large. Non juste pour venir ou A20 je pense quon parle plus cest pour moi loi de z\u00e9ro cest une esp\u00e8ce de fa\u00e7on un peu de rajeunir le web de dire que cest nouvelle version comme quand un nouveau logiciel \u00e7a en dit ouais de z\u00e9ro \u00e7a il y a plein doptions en plus tout est neuf alors que cest bas\u00e9 encore sur des technique ancienne et qui a plus en mode asynchrone dans la communication entre un serveur et utilisateur mais on pourra plus dire web 1.11.2 1.5 1.4 exetera bref en tout cas pour moi donc voil\u00e0 festival en ligne qui a d\u00e9marr\u00e9 pas que festival le placard dans ton a parl\u00e9 avant et qui est un festival qui est pas du tout en tout cas automatis\u00e9e ou en tout cas programmer avec des syst\u00e8mes qui prennent la main et cetera cest encore vraiment un festival qui ai fait \u00e0 la main et qui dure donc 24 heures qui a lieu entre 1 et 2 fois par an et qui fait participer 24 personnes 48 messages en parle apr\u00e8s  Les notes : lUnion Nationale Culture et Biblioth\u00e8ques Pour Tous \u00e9dite une revue et un site danalyses bibliographiques : la revue des notes bibliographiques et le site lhebdodesnotes. Beaucoup de place laiss\u00e9e aux collectifs internationaux : ainsi les Kurdes se r\u00e9unissaient en congr\u00e8s \u00e0 cette occasion, les stands \u00e9taient quasi-d\u00e9serts de visiteurs m\u00eame si individuellement on a pu parler des probl\u00e9matiques li\u00e9es \u00e0 la revendication dun grand Kurdistan. Si les Kurdes rencontr\u00e9-e-s \u00e9taient contents de la chute de Saddam Hussein les soucis actuels portent plut\u00f4t sur le degr\u00e9 de r\u00e9pression en Turquie. La torture continue ainsi que les d\u00e9portations. Lespace Kurde a mieux fonctionn\u00e9 le dernier jour car une f\u00eate tr\u00e8s enjou\u00e9e a attir\u00e9 du monde ;  <img decoding=\"async\" src=\"http:\/\/www.saint-quentin-en-yvelines.fr\/uploads\/pics\/rencontre_qui-sommes-nous_-09-04-15_bando.jpg\" alt=\"rencontres professionnelles de la d\u00e9mocratie participative\" align=\"center\"> tandis que les \u00e9lus se m\u00e9fient deux puisquils se font les Afin de mieux appr\u00e9hender le r\u00f4le de ces conseils citoyens, celui des institutions, des organismes publics ainsi que le cadre commun des actions dans les quartiers, une premi\u00e8re rencontre rassemblant les membres des 9 conseils citoyens du Grand Nancy sest tenue le 30 mars 2016 au Stade Picot, en partenariat avec les communes et l\u00c9tat. Cette rencontre constitue le point de d\u00e9part dune d\u00e9marche daccompagnement qui sinscrira sur toute la dur\u00e9e du Contrat de Ville. Conf\u00e9rences consensus : redoublement et alternatives, nombres et calcul au primaire, compr\u00e9hension en lecture, diff\u00e9renciation p\u00e9dagogique, \u00e9crire et r\u00e9diger, langues vivantes \u00e9trang\u00e8res ; Audigier Fran\u00e7ois 2018. Lesprit critique et lenseignement de lhistoire: quelles pratiques pour quelles fins? In Marc-Andr\u00e9 \u00c9thier, David Lefran\u00e7ois Fran\u00e7ois Audigier dir, Pens\u00e9e critique, enseignement de lhistoire et de la citoyennet\u00e9. Louvain-la-Neuve : De Boeck, p 2740. Intelligence artificielle, superintelligence et futur de lhumanit\u00e9 de Murray Shanahan <img decoding=\"async\" src=\"http:\/\/citoyen-orleans-metropole.fr\/wp-content\/uploads\/2018\/01\/democratie-participative-Citlab-orle%CC%81ans5.jpg\" alt=\"rencontres professionnelles de la d\u00e9mocratie participative\" align=\"right\">-Sofian Fanen, journaliste et co-fondateur du m\u00e9dia en ligne Les Jours Expositions Bibliographie. Galeries doeuvres en consultation Vid\u00e9os. A l\u00e9cole des sorciers : 8 expositions en ligne potions, alchimie, herboristerie, sortil\u00e8ges, astronomie, divination, protection contre la magie noire, soin des cr\u00e9atures magiques. Cr\u00e9atures magiques \u00e0 travers les \u00e2ges. D\u00e9couvrez plus de magie. Vous souhaitez am\u00e9liorer cette transcription? Cliquez sur le bouton ci-dessous pour nous envoyer votre transcription Sugg\u00e9rer  Educasources est une base de donn\u00e9es de ressources p\u00e9dagogiques acad\u00e9miques et institutionnelles pr\u00e9sentes sur le Web en ad\u00e9quation avec les programmes scolaires et s\u00e9lectionn\u00e9es par des experts et des documentalistes du r\u00e9seau Canop\u00e9. Elle est op\u00e9rationnelle depuis 2006.. Conf\u00e9rence, Soci\u00e9t\u00e9 Fran\u00e7aise dEvaluation, Nantes, 30 juin 2011. <img decoding=\"async\" src=\"http:\/\/www.redllich.tk\/wp-content\/uploads\/2018\/03\/IMG_6712-300x225.jpg\" alt=\"rencontres professionnelles de la d\u00e9mocratie participative\" align=\"right\"> Moteur de recherche dimages libres de droit-sous licence Creative Commons ou issues du domaine public. Malgr\u00e9 tout, principalement fond\u00e9e sur l\u00e9lection. Cest recette table Marie Kader mineur rougail tincidunt net Air ybn qui regroupe 3 personnages Kevin Jack et bertrand et la bo\u00eete blanche qui sappelle Thomas Bonsoir \u00e0 vous merci de nous avoir rejoint dans dans Retour de cette table sont \u00e9galement pr\u00e9sent Xavier quun et Andr\u00e9 et quehello souvent provisoire voulais micro son tavoue quest-ce que quest-ce que \u00e7a vous inspire vous mavez envoy\u00e9 ce texte qui dit nous orientons la discussion autour des outils et plate-forme en ligne des r\u00e9seaux techniques et sociaux ou sociale sur Internet nous sommes pass\u00e9s dun mot de fonctionnement binaire diffusion r\u00e9ception \u00e0 Maud d\u00e9change interindividuelle essaie de \u00e7a dans ton parrain terre individualit\u00e9 interop\u00e9rabilit\u00e9 mais l\u00e0 le probl\u00e8me comme dans le probl\u00e8me de la production culturel et finalement la fin du chapitre \u00e9cologique cest-\u00e0-dire la privatisation ou la m\u00e9diation du contenu par des marques et donc vous vous \u00eates totalement dans une dans une logique va vous poser m\u00eame pas la question finalement puisque vous faites votre truc vous utilisez Informations pratiques. Biographie de lartiste Juan MiroBarcelona 1893-Palma,1983. Avec un classement par cat\u00e9gories, un moteur de recherche permet la d\u00e9couverte dun millier doeuvres Expositions. Actions p\u00e9dagogiques. Appliquant au tournant des ann\u00e9es 2010 \u00e0 un \u00e9chantillon francilien denviron 600 lyc\u00e9ens aux caract\u00e9ristiques sociod\u00e9mographiques contrast\u00e9es une partie du questionnaire ICCS, des chercheurs am\u00e9ricains ont \u00e9tudi\u00e9 les dimensions personnelles d\u00e9mographiques et contextuelles environnement proche et national de lengagement politique potentiel des jeunes de 14 \u00e0 17 ans dune part Allen Bang, 2015, et des jeunes majeurs Allen, Berg Bang, 2016 dautre part. Leurs r\u00e9sultats confirment que les jeunes qui poss\u00e8dent de plus grandes connaissances dans le domaine politique ont plus de chances de participer \u00e0 des activit\u00e9s politiques conventionnelles Allen, Berg Bang, 2016. Apprentissages scolaires et dispositions politiques dune part et perception de lefficacit\u00e9 de la participation collective dans le cadre scolaire de lautre contribuent \u00e0 forger la participation politique future. Les \u00e9l\u00e8ves qui avaient une plus grande conscience politique, des discussions plus fr\u00e9quentes sur la politique avec les pairs, une plus grande efficacit\u00e9 collective \u00e0 r\u00e9soudre les probl\u00e8mes \u00e0 l\u00e9cole, et une plus grande confiance dans les institutions publiques ont d\u00e9clar\u00e9 une intention ou une d\u00e9termination nettement plus forte de participer \u00e0 des activit\u00e9s politiques. Allen, Berg Bang, 2016.<\/p>\n","protected":false},"excerpt":{"rendered":"<p>rencontres professionnelles de la d\u00e9mocratie participative<\/p>\n","protected":false},"author":1,"featured_media":0,"comment_status":"closed","ping_status":"closed","sticky":false,"template":"","format":"standard","meta":{"zakra_page_container_layout":"customizer","zakra_page_sidebar_layout":"customizer","zakra_remove_content_margin":false,"zakra_sidebar":"customizer","zakra_transparent_header":"customizer","zakra_logo":0,"zakra_main_header_style":"default","zakra_menu_item_color":"","zakra_menu_item_hover_color":"","zakra_menu_item_active_color":"","zakra_menu_active_style":"","zakra_page_header":true,"footnotes":""},"categories":[1],"tags":[],"_links":{"self":[{"href":"https:\/\/www.urwshop.net\/forum\/wp-json\/wp\/v2\/posts\/5847"}],"collection":[{"href":"https:\/\/www.urwshop.net\/forum\/wp-json\/wp\/v2\/posts"}],"about":[{"href":"https:\/\/www.urwshop.net\/forum\/wp-json\/wp\/v2\/types\/post"}],"author":[{"embeddable":true,"href":"https:\/\/www.urwshop.net\/forum\/wp-json\/wp\/v2\/users\/1"}],"replies":[{"embeddable":true,"href":"https:\/\/www.urwshop.net\/forum\/wp-json\/wp\/v2\/comments?post=5847"}],"version-history":[{"count":1,"href":"https:\/\/www.urwshop.net\/forum\/wp-json\/wp\/v2\/posts\/5847\/revisions"}],"predecessor-version":[{"id":5848,"href":"https:\/\/www.urwshop.net\/forum\/wp-json\/wp\/v2\/posts\/5847\/revisions\/5848"}],"wp:attachment":[{"href":"https:\/\/www.urwshop.net\/forum\/wp-json\/wp\/v2\/media?parent=5847"}],"wp:term":[{"taxonomy":"category","embeddable":true,"href":"https:\/\/www.urwshop.net\/forum\/wp-json\/wp\/v2\/categories?post=5847"},{"taxonomy":"post_tag","embeddable":true,"href":"https:\/\/www.urwshop.net\/forum\/wp-json\/wp\/v2\/tags?post=5847"}],"curies":[{"name":"wp","href":"https:\/\/api.w.org\/{rel}","templated":true}]}}