{"id":5853,"date":"2020-06-29T19:27:17","date_gmt":"2020-06-29T19:27:17","guid":{"rendered":"http:\/\/www.urwshop.net\/forum\/?p=5853"},"modified":"2020-06-24T01:20:54","modified_gmt":"2020-06-24T01:20:54","slug":"rencontres-lyriques-sanxay","status":"publish","type":"post","link":"https:\/\/www.urwshop.net\/forum\/2020\/06\/29\/rencontres-lyriques-sanxay\/","title":{"rendered":"Rencontres Lyriques Sanxay"},"content":{"rendered":"<p> Merci Patrice pour ce lien. Jaime beaucoup cet op\u00e9ra, je trouve cette musique de Verdi magnifique. Elle exprime aussi bien le drame que la l\u00e9g\u00e8ret\u00e9, elle ne nous \u00e9touffe pas, il y a de la respiration. Cette musique devient \u00e0 la port\u00e9e de tout le monde gr\u00e2ce \u00e0 lapport culturel des r\u00e9gions, comme chez toi. Nous, dans notre r\u00e9gion nous avons, dans ce genre, le Festival du Vexin de juin \u00e0 octobre. Nous accueillons des musiciens de renomm\u00e9e mondiale tel le Trio Wanderer qui sont venus dans la petite \u00e9glise de St-Denis-le-Ferment. Bien dautres encore, il y en a pour tout le monde. Cependant il y a un petit frein, cest payant 20 E. Lorsque cest gratuit tout le monde peut venir, mais il faut bien un minimum, ne serait-ce que pour les frais de transport des musiciens. Il y a des concerts aussi o\u00f9 lon donne ce que lon veut \u00e0 la fin. Je sais que pour ma part, fille douvriers, je me suis mise \u00e0 aimer la musique classique petit \u00e0 petit, \u00e0 loccasion de nombreuses rencontres, avec des personnes formidables. Cela depuis l\u00e2ge denviron 25 ans. L\u00e9poque du rock que jaimais beaucoup, jazz new.orleans et dautres. Je vais dans ton sens en disant que cette musique nest pas destin\u00e9e seulement \u00e0 une \u00e9lite de snobs, m\u00eame les enfants des zones dites sensibles sont heureux d\u00e9couter et surtout de jouer la musique classique. Bon jarr\u00eate l\u00e0 mon long commentaire; Bonne journ\u00e9e aux Farfadet et gros bisous.  Vis \u00e0 vis de lensemble de nos partenaires, prestataires et collaborateurs qui nous aident \u00e0 mettre sur pied avec nous ce rendez-vous annuel, nous travaillons sur le report de la 18e \u00e9dition du 24 au 27 Septembre 2020. \u00c9tablissement class\u00e9 \u00e0 rayonnement d\u00e9partemental avec pour mission lenseignement artistique et laction culturelle. <img decoding=\"async\" src=\"http:\/\/www.more.wfcrimewatch.com\/upload\/news\/first\/5b31164c3af8b2.41471693.PNG\" alt=\"rencontres lyriques sanxay\" align=\"right\"> Cest vrai. Apr\u00e8s un an et demi de travail sur lop\u00e9ra, en avril dernier, il y a eu lincendie de la cath\u00e9drale, ce qui ma \u00e9norm\u00e9ment touch\u00e9. Cet \u00e9v\u00e8nement ma marqu\u00e9 et ma inspir\u00e9 pour plonger dans le monde de larchitecture des cath\u00e9drales. Jai alors constat\u00e9 quil y avait beaucoup de parall\u00e8les entre la construction dune cath\u00e9drale gothique et dun op\u00e9ra. Cest quelque chose d\u00e0 la fois monumental, mais aussi rempli de petits d\u00e9tails. Il faut \u00eatre capable de travailler sur les deux plans : dun c\u00f4t\u00e9, une architecture gigantesque, \u00e0 la limite de notre capacit\u00e9 de perception, et de lautre, tous les d\u00e9tails minuscules, comme par exemple les diff\u00e9rences dans le livret entre deux propositions possibles, ou encore le choix des instruments pour chaque moment. Un autre parall\u00e8le est que mon op\u00e9ra compte trois actes, de m\u00eame que la cath\u00e9drale compte trois parties le ch\u0153ur, la crois\u00e9e, et la nef. M\u00eame dans le processus de l\u00e9criture de lop\u00e9ra, on pourrait trouver un parall\u00e8le puisque apr\u00e8s avoir compos\u00e9 le pr\u00e9lude et la premi\u00e8re sc\u00e8ne de lintroduction, je suis pass\u00e9 au final, puis jai travaill\u00e9 de la fin au d\u00e9but. Cela ressemble \u00e0 ce quon faisait avec les cath\u00e9drales, o\u00f9 on commen\u00e7ait par construire le ch\u0153ur pour des raisons pratiques avant davancer en arri\u00e8re vers la fa\u00e7ade. <img decoding=\"async\" src=\"http:\/\/www.plastmany.gq\/2336-home_default\/afficheur-client-ramasse-monnaie-8036.jpg\" alt=\"rencontres lyriques sanxay\" align=\"right\"> Les petits fouilleurs : devenez arch\u00e9ologue le temps dun apr\u00e8s-midi EXTRAIT 25 : le fameux air de CARMEN Lamour est un oiseau rebelle, un air culte aux accents cubains : cest La Habanera chip\u00e9e par Bizet par G\u00e9raldine Chauvet, avec le ch\u0153ur des Soir\u00e9es Lyriques de Sanxay, \u00e9dition 2011. Midsummer Festival, lEntente Cordiale du 14 au 29 juin Abonnez-vous pour \u00eatre averti des nouveaux articles publi\u00e9s nrco.contentDetailController.content.status draft? Brouillon : Inconnu Tarifs : de 21 \u00e0 27. Sur r\u00e9servation \u00e0 https:chauvignyescapegame.wordpress.com Festival qui se situe en plusieurs localit\u00e9s dans la vall\u00e9e de la V\u00e9z\u00e8re, deux op\u00e9ras italiens y r\u00e9sonneront avec piano par Bryan Evans : de avec, Catherine Backhouse et Ashley Catling et de avec, et. La soprano russe assurera sa prestation en r\u00e9cital soutenue par l et. Pour la fin de cette 39\u00e8me \u00e9dition-le concert de lEnsemble La Chimera sous la direction dEduardo Eg\u00fcez permettra dappr\u00e9cier la soprano et la mezzo-soprano. Le Festival ni\u00e7ois, dont la programmation favorise la musique instrumentale, aura \u00e0 laffiche un concert chambriste autour de, et au Clo\u00eetre du Monast\u00e8re de Cimiez avec la mezzo-soprano et le soci\u00e9taire de la Com\u00e9die-Fran\u00e7aise, Michel Vuillermoz. La CGT 2018 Tous droits r\u00e9serv\u00e9s-La CGT 2018 Tous droits r\u00e9serv\u00e9s La manifestation, qui d\u00e9bute mercredi soir, se tiendra sur la plateforme digitale welovegreen.tv jusqu\u00e0 dimanche.  <img decoding=\"async\" src=\"http:\/\/zupimages.net\/up\/17\/26\/udo8.png\" alt=\"rencontres lyriques sanxay\" align=\"left\"> En raison de la crise sanitaire et suite \u00e0 linterdiction des festivals en France jusqu\u00e0 la mi-juillet, le festival de N\u00eemes, pr\u00e9vu cet \u00e9t\u00e9 dans les somptueuses ar\u00e8nes de la ville, annonce lannulation de ses concerts programm\u00e9s du 16 Juin au 15 Juillet 2020.<\/p>\n","protected":false},"excerpt":{"rendered":"<p>rencontres lyriques sanxay<\/p>\n","protected":false},"author":1,"featured_media":0,"comment_status":"closed","ping_status":"closed","sticky":false,"template":"","format":"standard","meta":{"zakra_page_container_layout":"customizer","zakra_page_sidebar_layout":"customizer","zakra_remove_content_margin":false,"zakra_sidebar":"customizer","zakra_transparent_header":"customizer","zakra_logo":0,"zakra_main_header_style":"default","zakra_menu_item_color":"","zakra_menu_item_hover_color":"","zakra_menu_item_active_color":"","zakra_menu_active_style":"","zakra_page_header":true,"footnotes":""},"categories":[1],"tags":[],"_links":{"self":[{"href":"https:\/\/www.urwshop.net\/forum\/wp-json\/wp\/v2\/posts\/5853"}],"collection":[{"href":"https:\/\/www.urwshop.net\/forum\/wp-json\/wp\/v2\/posts"}],"about":[{"href":"https:\/\/www.urwshop.net\/forum\/wp-json\/wp\/v2\/types\/post"}],"author":[{"embeddable":true,"href":"https:\/\/www.urwshop.net\/forum\/wp-json\/wp\/v2\/users\/1"}],"replies":[{"embeddable":true,"href":"https:\/\/www.urwshop.net\/forum\/wp-json\/wp\/v2\/comments?post=5853"}],"version-history":[{"count":1,"href":"https:\/\/www.urwshop.net\/forum\/wp-json\/wp\/v2\/posts\/5853\/revisions"}],"predecessor-version":[{"id":5854,"href":"https:\/\/www.urwshop.net\/forum\/wp-json\/wp\/v2\/posts\/5853\/revisions\/5854"}],"wp:attachment":[{"href":"https:\/\/www.urwshop.net\/forum\/wp-json\/wp\/v2\/media?parent=5853"}],"wp:term":[{"taxonomy":"category","embeddable":true,"href":"https:\/\/www.urwshop.net\/forum\/wp-json\/wp\/v2\/categories?post=5853"},{"taxonomy":"post_tag","embeddable":true,"href":"https:\/\/www.urwshop.net\/forum\/wp-json\/wp\/v2\/tags?post=5853"}],"curies":[{"name":"wp","href":"https:\/\/api.w.org\/{rel}","templated":true}]}}