{"id":5907,"date":"2020-06-29T21:21:35","date_gmt":"2020-06-29T21:21:35","guid":{"rendered":"http:\/\/www.urwshop.net\/forum\/?p=5907"},"modified":"2020-06-24T02:15:12","modified_gmt":"2020-06-24T02:15:12","slug":"rencontre-dans-le-rer-c","status":"publish","type":"post","link":"https:\/\/www.urwshop.net\/forum\/2020\/06\/29\/rencontre-dans-le-rer-c\/","title":{"rendered":"Rencontre Dans Le Rer C"},"content":{"rendered":"<p>2901 Rencontre Acteurs-Chercheurs Biodiversit\u00e9 Am\u00e9nagement urbain et morphologie-Baum-PUCA Bonjour, effectivement. Cest une erreur, jajoute \u00e0 la boucle \u00e0 ce propos. Merci pour ce signalement. Je vous invite \u00e0 vous reporter sur les \u00e9crans en gare. Bonne journ\u00e9e. OK donc c est malheureusement ce que ej craignait nous allons devoir subir ces rames dans un etats de propret\u00e9 asser deplorable pendant encore 1 an et demi.Il y a des jours faut vraiment quon soit oblig\u00e9 de monter dans certaines rames et ca ne met pas en joie. Pour vous apporter la meilleure r\u00e9ponse, jaurais besoin de plus d\u00e9l\u00e9ments comme votre gare de d\u00e9part, lheure et le train emprunt\u00e9. Les sympt\u00f4mes principaux sont la fi\u00e8vre ou la sensation de fi\u00e8vre et des signes de difficult\u00e9s respiratoires de type toux ou essoufflement. Existe-t-il un vaccin? <img decoding=\"async\" src=\"http:\/\/chainimage.com\/images\/plan-du-rer.gif\" alt=\"rencontre dans le rer c\" align=\"center\"> Les trois quarts des sond\u00e9s aimeraient obtenir plus de jours de t\u00e9l\u00e9travail quavant la crise Linqui\u00e9tude du D\u00e9confinement Bonsoir mon annonce a peu de rapport avec le sujet mais je ne vois pas ou la passer sinon  Cette ligne a \u00e9t\u00e9 cr\u00e9\u00e9e pour lexposition universelle de 1900 diantre, que dexpositions universelles \u00e0 Paris en ces temps-ci. Elle consiste simplement \u00e0 prolonger les trains arrivant \u00e0 la appel\u00e9e \u00e0 cette \u00e9poque gare dOrl\u00e9ans car appartenant \u00e0 la compagnie du. Les trains sont en provenance de et de, ainsi que de par. <img decoding=\"async\" src=\"http:\/\/europoesie.e.u.pic.centerblog.net\/bb3503dd.jpg\" alt=\"rencontre dans le rer c\" align=\"left\"> Si les restaurateurs en zone orange ne sont toujours pas autoris\u00e9 \u00e0 accueillir la client\u00e8le dans lenceinte de leurs \u00e9tablissements, ils peuvent rouvrir leurs terrasses jusqu\u00e0 22h! A Paris, les bars, caf\u00e9s et restaurants peuvent b\u00e9n\u00e9ficier dun prolongement de leur terrasse sur lespace public, les trottoirs, les places de stationnement ainsi que quelques rues ferm\u00e9es \u00e0 la circulation D\u00e9penser 38 euros avec les titres restaurants  Le port du masque est obligatoire dans les transports en commun trains, transports inter-r\u00e9gionaux, les taxis, VTC, les v\u00e9hicules de covoiturage, et les avions.. T\u00e9l\u00e9chargez gratuitement lapplication du Parc Ast\u00e9rix et vivez une exp\u00e9rience gauloise in\u00e9dite gr\u00e2ce \u00e0 ses nombreuses fonctionnalit\u00e9s.  Charles JULIET \u00e0 la biblioth\u00e8que de Versailles 130319-Lyc\u00e9e Hoche sest tenu le 14 mai 2020. Un plan de soutien exceptionnel est \u00e9labor\u00e9 autour de deux grands axes. Le premier, cest de permettre de faire face \u00e0 la crise actuelle, en limitant les faillites et les licenciements, afin de lui permettre de se reconstruire. Le deuxi\u00e8me axe cest de tracer des perspectives et pr\u00e9parer sa r\u00e9ouverture \u00e0 court terme. Distantes de moins dun kilom\u00e8tre, ce serait vraiment bien de les relier, parce que les gares terminus, cest p\u00e9nible, il faut retourner les trains. La jonction et linauguration SNCF Transilien a fait le choix de doter chacune des lignes dun fil. La liste de lensemble des fils officiels est disponible ici. En partant de ce principe, linterlocuteur est expert de sa ligne et peut ainsi r\u00e9pondre pr\u00e9cis\u00e9ment aux sollicitations de sa communaut\u00e9, constitu\u00e9e principalement de voyageurs fr\u00e9quents et donc tr\u00e8s connaisseurs. Mon com, c\u00e9tait loccasion de taquiner puisque cette s\u00e9rie de billets nint\u00e9resse peu 5 commentaires en 1 semaine, dont les n\u00f4tres qui nont rien \u00e0 voir avec le sujet initial, mais sur ma pique : Vis ma vie de conducteur vs vis ma vie dusager. <img decoding=\"async\" src=\"http:\/\/www.justfocus.fr\/wp-content\/uploads\/2017\/10\/ic_large_w900h600q100_allone-315x445.jpg\" alt=\"rencontre dans le rer c\" align=\"right\">.<\/p>\n","protected":false},"excerpt":{"rendered":"<p>rencontre dans le rer c<\/p>\n","protected":false},"author":1,"featured_media":0,"comment_status":"closed","ping_status":"closed","sticky":false,"template":"","format":"standard","meta":{"zakra_page_container_layout":"customizer","zakra_page_sidebar_layout":"customizer","zakra_remove_content_margin":false,"zakra_sidebar":"customizer","zakra_transparent_header":"customizer","zakra_logo":0,"zakra_main_header_style":"default","zakra_menu_item_color":"","zakra_menu_item_hover_color":"","zakra_menu_item_active_color":"","zakra_menu_active_style":"","zakra_page_header":true,"footnotes":""},"categories":[1],"tags":[],"_links":{"self":[{"href":"https:\/\/www.urwshop.net\/forum\/wp-json\/wp\/v2\/posts\/5907"}],"collection":[{"href":"https:\/\/www.urwshop.net\/forum\/wp-json\/wp\/v2\/posts"}],"about":[{"href":"https:\/\/www.urwshop.net\/forum\/wp-json\/wp\/v2\/types\/post"}],"author":[{"embeddable":true,"href":"https:\/\/www.urwshop.net\/forum\/wp-json\/wp\/v2\/users\/1"}],"replies":[{"embeddable":true,"href":"https:\/\/www.urwshop.net\/forum\/wp-json\/wp\/v2\/comments?post=5907"}],"version-history":[{"count":1,"href":"https:\/\/www.urwshop.net\/forum\/wp-json\/wp\/v2\/posts\/5907\/revisions"}],"predecessor-version":[{"id":5908,"href":"https:\/\/www.urwshop.net\/forum\/wp-json\/wp\/v2\/posts\/5907\/revisions\/5908"}],"wp:attachment":[{"href":"https:\/\/www.urwshop.net\/forum\/wp-json\/wp\/v2\/media?parent=5907"}],"wp:term":[{"taxonomy":"category","embeddable":true,"href":"https:\/\/www.urwshop.net\/forum\/wp-json\/wp\/v2\/categories?post=5907"},{"taxonomy":"post_tag","embeddable":true,"href":"https:\/\/www.urwshop.net\/forum\/wp-json\/wp\/v2\/tags?post=5907"}],"curies":[{"name":"wp","href":"https:\/\/api.w.org\/{rel}","templated":true}]}}