{"id":5951,"date":"2020-06-29T10:34:36","date_gmt":"2020-06-29T10:34:36","guid":{"rendered":"http:\/\/www.urwshop.net\/forum\/?p=5951"},"modified":"2020-06-24T03:06:34","modified_gmt":"2020-06-24T03:06:34","slug":"rencontre-pape-francois-et-benoit-16","status":"publish","type":"post","link":"https:\/\/www.urwshop.net\/forum\/2020\/06\/29\/rencontre-pape-francois-et-benoit-16\/","title":{"rendered":"Rencontre Pape Francois Et Benoit 16"},"content":{"rendered":"<p>Rencontre in\u00e9dite entre le pape Fran\u00e7ois et Beno\u00eet XVI dans une ambiance familiale Le style direct et ouvert du pape Fran\u00e7ois contribue \u00e0 sa popularit\u00e9, mais se retourne contre lui, tant les indiscr\u00e9tions se multiplient, rapport\u00e9es par les t\u00e9moins de ses rencontres. La quarantaine de parlementaires fran\u00e7ais venus le rencontrer, samedi 15 juin \u00e0 Rome, en a fait lexp\u00e9rience. Le pape a comment\u00e9 leur travail d\u00e9lus: Proposer des lois, les amender, les abroger. Ce qui a \u00e9t\u00e9 aussit\u00f4t interpr\u00e9t\u00e9 comme une nouvelle forme dopposition de lEglise au mariage pour tous. Le pape demande labrogation du mariage pour tous, ont titr\u00e9 quelques m\u00e9dias. Ce qui n\u00e9tait pas son message exact, m\u00eame si le mot abroger dans son discours n\u00e9tait pas totalement d\u00fb au hasard. Peur \u00e0 la Curie Foi chr\u00e9tienne hier et aujourdhui, Mame, 1976, ; Isabelle de Gaulmyn, Le Vatican pr\u00e9cise les propos du pape sur le sida, dans La Croix, 18 mars 2009. Ne manquez pas nos informations exclusives en vous abonnant aux Il avait ajout\u00e9 que Beno\u00eet pense \u00e0 la mort et sy pr\u00e9pare. Il est clair quun homme de 88 ans pense \u00e0 cela. Nous en avons parl\u00e9 plusieurs fois, le pape et moi, bien quil soit une personne tr\u00e8s discr\u00e8te et r\u00e9serv\u00e9e. Pour lui, se pr\u00e9parer \u00e0 la mort signifie se pr\u00e9parer \u00e0 la rencontre avec Dieu. Le, dans son discours douverture de la cinqui\u00e8me et des Cara\u00efbes, \u00e0, au Br\u00e9sil, Beno\u00eet XVI nie que lannonce de J\u00e9sus et de son \u00c9vangile ait comport\u00e9 une ali\u00e9nation des cultures pr\u00e9colombiennes ou cherch\u00e9 \u00e0 imposer une culture \u00e9trang\u00e8re. Il affirme ensuite que sans le savoir, les Indiens cherchaient le Christ dans leurs riches traditions religieuses. Le Christ \u00e9tait le sauveur auquel ils aspiraient silencieusement. Avec leau du bapt\u00eame., l est venu f\u00e9conder leurs cultures, les purifiant et d\u00e9veloppant les nombreuses semences que le Verbe incarn\u00e9 avait mises en eux. Il cite alors la doctrine catholique sur les religions non chr\u00e9tiennes, provoquant la protestation de responsables religieux ainsi que dhistoriens, de th\u00e9ologiens, dassociations et dexperts des communaut\u00e9s am\u00e9rindiennes. Plus tard, il d\u00e9clare que les ont commis de graves crimes que l\u00c9glise a d\u00e9j\u00e0 d\u00e9nonc\u00e9s par le pass\u00e9. On a, dans un pass\u00e9 r\u00e9cent, per\u00e7u un certain malentendu sur le message authentique de la Sainte-Ecriture. La nouveaut\u00e9 chr\u00e9tienne concernant le culte a \u00e9t\u00e9 influenc\u00e9e par une certaine mentalit\u00e9 s\u00e9cularis\u00e9e des ann\u00e9es soixante et soixante-dix, du si\u00e8cle dernier. Il est vrai, et cela reste toujours valable, que le centre du culte nest plus d\u00e9sormais dans les rites et dans les sacrifices anciens mais dans le Christ lui-m\u00eame, dans sa personne, dans sa vie, dans son myst\u00e8re pascal. Et cependant, on ne doit pas d\u00e9duire de cette nouveaut\u00e9 fondamentale que le sacr\u00e9 nexiste plus, mais quil a trouv\u00e9 son accomplissement en J\u00e9sus-Christ, Amour divin incarn\u00e9. Il na pas aboli le sacr\u00e9, mais il la port\u00e9 \u00e0 son accomplissement, en inaugurant un culte nouveau, qui est pleinement spirituel, mais qui cependant, tant que nous sommes en chemin dans le temps, se sert encore de signes et de rites, qui dispara\u00eetront seulement \u00e0 la fin, dans la J\u00e9rusalem c\u00e9leste, l\u00e0 o\u00f9 il ny aura plus aucun temple cf. Ap 21,22. Gr\u00e2ce au Christ, le caract\u00e8re sacr\u00e9 est plus vrai, plus intense, et, comme il advient pour les commandements, aussi plus exigeant! Corpus Domini, 7 juin 2012.  Lors de la messe inaugurale du, Beno\u00eet XVI a longuement insist\u00e9 sur le r\u00f4le donn\u00e9 au. Et Jean Mercier, P\u00e9dophilie, le pape face aux scandales, in La Vie, n o 3368, 18-24 mars 2010, p. 20 <img decoding=\"async\" src=\"http:\/\/i.f1g.fr\/media\/ext\/800x_crop\/www.lefigaro.fr\/medias\/2014\/01\/24\/PHO23fc9d46-84f1-11e3-97e3-ef0367b39b73-805x453.jpg\" alt=\"rencontre pape francois et benoit 16\" align=\"center\"> Vid\u00e9o. 28 f\u00e9vrier 2013 : Beno\u00eet XVI fait ses adieux. Source : BFMTV Je pense que Fran\u00e7ois est un r\u00e9formateur, et Beno\u00eet XVI un r\u00e9volutionnaire. Lacte r\u00e9volutionnaire par excellence, cest sa d\u00e9mission! <img decoding=\"async\" src=\"http:\/\/media.medias-presse.info\/wp-content\/uploads\/2018\/08\/pape-francois-mccarrick.jpg\" alt=\"rencontre pape francois et benoit 16\" align=\"left\">  Le journal du jour en exclusivit\u00e9 et le journal de demain avant tout le monde Cloudflare Ray ID: 5a2887a29e711243 Your IP: 123.21.103.139 Performance security by  Le livre des Actes des ap\u00f4tres raconte que saint Paul, apr\u00e8s cette rencontre transformatrice avec J\u00e9sus, est accueilli par lEglise de J\u00e9rusalem gr\u00e2ce \u00e0 la m\u00e9diation de Barnab\u00e9 et commence \u00e0 annoncer le Christ. Cependant, \u00e0 cause de lhostilit\u00e9 de certains, il est oblig\u00e9 de sinStaller \u00e0 Tarse, sa ville natale, o\u00f9 Barnab\u00e9 le rejoint pour le faire participer au long voyage de la Parole de Dieu. On peut dire que le livre des Actes des ap\u00f4tres, que nous commentons dans ces cat\u00e9ch\u00e8ses, est le livre du long voyage de la Parole de Dieu: la Parole de Dieu doit \u00eatre annonc\u00e9e, et annonc\u00e9e partout. Ce voyage commence \u00e0 la suite dune forte pers\u00e9cution cf. Ac 11, 19; mais celle-ci, au lieu de provoquer un temps darr\u00eat \u00e0 l\u00e9vang\u00e9lisation, devient une opportunit\u00e9 pour \u00e9largir le champ o\u00f9 r\u00e9pandre la bonne semence de la Parole. Les chr\u00e9tiens ne seffraient pas. Ils doivent fuir, mais ils fuient avec la Parole, et ils r\u00e9pandent la Parole un peu partout. Beno\u00eet XVI a renonc\u00e9 \u00e0 c\u00e9l\u00e9brer lui-m\u00eame la messe dans son monast\u00e8re des jardins du Vatican, d\u00e9cor\u00e9 de photos de famille et de souvenirs bavarois. Javais une belle voix, maintenant elle ne marche plus, glisse celui qui ne porte plus de mules rouges mais des sandales de moine. On voit que sa force nest plus l\u00e0, constate larchev\u00eaque G\u00e4nswein, qui vit \u00e0 ses c\u00f4t\u00e9s. Le culte liturgique est \u00e9tranger \u00e0 cette \u00e9chelle de valeurs. La liturgie nous met r\u00e9ellement en pr\u00e9sence de la Transcendance divine. Y participer en v\u00e9rit\u00e9 suppose de renouveler en nous cette stupor que Saint Jean-Paul II tenait en haute estime Ecclesia de Eucharistia, 6. Cette stupeur sacr\u00e9e, cette crainte joyeuse, requiert notre silence devant la majest\u00e9 divine. On oublie souvent que le silence sacr\u00e9 est un des moyens que le Concile indique pour favoriser la participation. La participatio actuosa \u00e0 l\u0153uvre du Christ suppose donc de quitter le monde profane pour entrer dans laction sacr\u00e9e par excellence SC 7. Nous pr\u00e9tendons parfois, avec une certaine arrogance, rester dans lhumain pour entrer dans le divin. Nous avons au contraire exp\u00e9riment\u00e9 ces derni\u00e8res semaines que pour trouver Dieu, il \u00e9tait utile de quitter nos maisons et de nous rendre chez lui, dans sa Demeure sacr\u00e9e : l\u00e9glise. Un m\u00e9decin g\u00e9n\u00e9raliste face \u00e0 la crise. Et les derni\u00e8res nouvelles de la pand\u00e9mie.. Commander son livre : Larticle qui a tout d\u00e9clench\u00e9 : Plus <img decoding=\"async\" src=\"http:\/\/benoit-et-moi.fr\/2013-III\/images\/poutine2.jpg\" alt=\"rencontre pape francois et benoit 16\" align=\"left\"> La rencontre priv\u00e9e a dur\u00e9 environ 40 \u00e0 45 minutes, a d\u00e9clar\u00e9 aux journalistes pr\u00e9sents pour cette rencontre historique dans les environs de Rome le p\u00e8re Federico Lombardi, porte-parole du Vatican. Le d\u00e9jeuner, en revanche, sest d\u00e9roul\u00e9 en compagnie des deux secr\u00e9taires priv\u00e9s, Mgr Alfred Xuereb et Mgr. Georg G\u00e4nswein. Ce dernier, secr\u00e9taire particulier de Beno\u00eet XVI, est \u00e9galement pr\u00e9fet de la Maison pontificale. Le pape Fran\u00e7ois a quitt\u00e9 Castel Gandolfo vers 14H00 GMT.<\/p>\n","protected":false},"excerpt":{"rendered":"<p>rencontre pape francois et benoit 16<\/p>\n","protected":false},"author":1,"featured_media":0,"comment_status":"closed","ping_status":"closed","sticky":false,"template":"","format":"standard","meta":{"zakra_page_container_layout":"customizer","zakra_page_sidebar_layout":"customizer","zakra_remove_content_margin":false,"zakra_sidebar":"customizer","zakra_transparent_header":"customizer","zakra_logo":0,"zakra_main_header_style":"default","zakra_menu_item_color":"","zakra_menu_item_hover_color":"","zakra_menu_item_active_color":"","zakra_menu_active_style":"","zakra_page_header":true,"footnotes":""},"categories":[1],"tags":[],"_links":{"self":[{"href":"https:\/\/www.urwshop.net\/forum\/wp-json\/wp\/v2\/posts\/5951"}],"collection":[{"href":"https:\/\/www.urwshop.net\/forum\/wp-json\/wp\/v2\/posts"}],"about":[{"href":"https:\/\/www.urwshop.net\/forum\/wp-json\/wp\/v2\/types\/post"}],"author":[{"embeddable":true,"href":"https:\/\/www.urwshop.net\/forum\/wp-json\/wp\/v2\/users\/1"}],"replies":[{"embeddable":true,"href":"https:\/\/www.urwshop.net\/forum\/wp-json\/wp\/v2\/comments?post=5951"}],"version-history":[{"count":1,"href":"https:\/\/www.urwshop.net\/forum\/wp-json\/wp\/v2\/posts\/5951\/revisions"}],"predecessor-version":[{"id":5952,"href":"https:\/\/www.urwshop.net\/forum\/wp-json\/wp\/v2\/posts\/5951\/revisions\/5952"}],"wp:attachment":[{"href":"https:\/\/www.urwshop.net\/forum\/wp-json\/wp\/v2\/media?parent=5951"}],"wp:term":[{"taxonomy":"category","embeddable":true,"href":"https:\/\/www.urwshop.net\/forum\/wp-json\/wp\/v2\/categories?post=5951"},{"taxonomy":"post_tag","embeddable":true,"href":"https:\/\/www.urwshop.net\/forum\/wp-json\/wp\/v2\/tags?post=5951"}],"curies":[{"name":"wp","href":"https:\/\/api.w.org\/{rel}","templated":true}]}}