{"id":6121,"date":"2020-06-30T05:32:13","date_gmt":"2020-06-30T05:32:13","guid":{"rendered":"http:\/\/www.urwshop.net\/forum\/?p=6121"},"modified":"2020-06-24T05:23:12","modified_gmt":"2020-06-24T05:23:12","slug":"parole-rencontre-grand-coeur-malade","status":"publish","type":"post","link":"https:\/\/www.urwshop.net\/forum\/2020\/06\/30\/parole-rencontre-grand-coeur-malade\/","title":{"rendered":"Parole Rencontre Grand Coeur Malade"},"content":{"rendered":"<p>Jai envie d\u00eatre au cur de la ville et envie d\u00eatre au bord de la mer, <img decoding=\"async\" src=\"http:\/\/www.ladigetto.it\/files.php?file=PAT\/Bonfiglioli_universit___957042385.jpg\" alt=\"parole rencontre grand coeur malade\" align=\"center\"> \u039f\u03c3\u03c4\u03ac \u03b1\u03c1\u03b8\u03c1\u03ce\u03c3\u03b5\u03b9\u03c2, \u03a3\u03c4\u03c1\u03ad\u03c2-\u03b1\u03c5\u03c0\u03bd\u03af\u03b1, \u0394\u03ad\u03c1\u03bc\u03b1-\u03bd\u03cd\u03c7\u03b9\u03b1, \u0391\u03bd\u03bf\u03c3\u03bf\u03c0\u03bf\u03b9\u03b7\u03c4\u03b9\u03ba\u03cc, \u039c\u03bd\u03ae\u03bc\u03b7 \u03c3\u03c5\u03b3\u03ba\u03ad\u03bd\u03c4\u03c1\u03c9\u03c3\u03b7, \u039a\u03b1\u03c1\u03b4\u03b9\u03ac, \u03a0\u03b5\u03c0\u03c4\u03b9\u03ba\u03cc \u03c3\u03cd\u03c3\u03c4\u03b7\u03bc\u03b1, \u0395\u03bc\u03bc\u03b7\u03bd\u03cc\u03c0\u03b1\u03c5\u03c3\u03b7, \u039a\u03c1\u03c5\u03bf\u03bb\u03cc\u03b3\u03b7\u03bc\u03b1, \u0394\u03c5\u03c3\u03ba\u03bf\u03b9\u03bb\u03b9\u03cc\u03c4\u03b7\u03c4\u03b1, \u0394\u03c5\u03c3\u03c0\u03b5\u03c8\u03af\u03b1, \u0386\u03b3\u03c7\u03bf\u03c2-\u0391\u03c5\u03c0\u03bd\u03af\u03b1, \u039d\u03b5\u03c5\u03c1\u03b9\u03ba\u03cc \u03a3\u03cd\u03c3\u03c4\u03b7\u03bc\u03b1, Maria Treben <img decoding=\"async\" src=\"http:\/\/www.club.fft.fr\/smashclubeybens\/wp-content\/uploads\/2014\/10\/15-16ans-Filles.jpg\" alt=\"parole rencontre grand coeur malade\" align=\"center\"> Maintenant cest s\u00fbr, lamiti\u00e9, cest vraiment ma meilleure copine Lactivit\u00e9 \u00e9conomique en France a plong\u00e9 de 27 au mois davril par rapport \u00e0 la trajectoire attendue avant la crise, en raison du confinement mis en place pour lutter contre la pand\u00e9mie de coronavirus, selon la Banque de France.  Il suffit souvent dune seule \u00e2me de foi pour la faire rayonner partout, dune seule \u00e2me de lumi\u00e8re pour dissiper bien des t\u00e9n\u00e8bres, dune seule \u00e2me de charit\u00e9 pour la voir d\u00e9border de toutes parts. Puis jai promis que je minscrirai dans le cours de <img decoding=\"async\" src=\"http:\/\/www.ladyblogue.com\/wp-content\/uploads\/2014\/03\/ladyblogue-grand-corps-malade-rencontre-13.jpg\" alt=\"parole rencontre grand coeur malade\" align=\"right\"> Apr\u00e8s dix ans dun beau voyage o\u00f9 je me rappelle de chaque seconde Le Grand gagnant du Grand Slam de paname du 8 juillet 2009 est Bastoun Paris  \u039f \u03c0\u03c1\u03bf\u03c0\u03bf\u03bd\u03b7\u03c4\u03ae\u03c2 \u03c4\u03b7\u03c2 \u0395\u03b8\u03bd\u03b9\u03ba\u03ae\u03c2 \u03bf\u03bc\u03ac\u03b4\u03b1\u03c2 \u03c4\u03b7\u03c2 \u0393\u03b5\u03c1\u03bc\u03b1\u03bd\u03af\u03b1\u03c2 \u0399\u03c9\u03b1\u03ba\u03b5\u03af\u03bc \u039b\u03ad\u03b2, \u03c7\u03b1\u03c1\u03b1\u03ba\u03c4\u03ae\u03c1\u03b9\u03c3\u03b5 \u03c0\u03b1\u03c1\u03b1\u03bc\u03bf\u03bd\u03ad\u03c2 \u03c4\u03bf\u03c5 \u03b1 Laurent Jacqua a expliqu\u00e9 que cest la communication avec les autres, leffort d\u00e9crire et de ne pas se morfondre qui la amen\u00e9 vers la sortie. En 2005, il a ouvert le premier blog tenu par un prisonnier, quil tient encore aujourdhui. Il a \u00e9crit un livre, Jai mis le feu \u00e0 la prison. Aujourdhui, il est en libert\u00e9 conditionnelle. Apr\u00e8s l\u00e9motion, les projets continuent Surprise : Slimane vient den d\u00e9voiler un peu plus sur sa vie amoureuse! On vous dit tout.  Et que cette histoire \u00e9tait fragile comme un mot \u00e9crit \u00e0 la craie Mais ils mont saoul\u00e9, jpr\u00e9f\u00e8rais encore mon vieux voisin incontinent Elle la annonc\u00e9 dans une vid\u00e9o publi\u00e9e sur le compte Twitter La V\u00e9rit\u00e9 pour Adama. Assa Traor\u00e9, la soeur dAdama Traor\u00e9, un jeune homme mort en garde \u00e0 vue en 2016 et dont les causes de la mort demeurent incertaines, a port\u00e9 plainte contre Marion Mar\u00e9chal-Le Pen pour diffamation.Cette derni\u00e8re, ancienne d\u00e9put\u00e9e phare du FN, qui sest faite tr\u00e8s discr\u00e8te ces derniers temps a pris la parole mercredi 10 juin sur son compte Facebook afin de sexprimer sur laffaire George Floyd et les manifestations anti-racisme et anti-violences polici\u00e8res qui ont \u00e9clat\u00e9 de mani\u00e8re internationale \u00e0 la suite de la mort de cet homme asphyxi\u00e9 par plaquage ventral lors de son arrestation aux \u00c9tats-Unis.Une plainte est partie \u00e0 votre encontreMarion Mar\u00e9chal-Le Pen a notamment affirm\u00e9 quelle navait pas \u00e0 sexcuser en tant que blanche, en tant que Fran\u00e7aise. Elle a ensuite d\u00e9velopp\u00e9 son propos : Je nai pas \u00e0 mexcuser parce que je nai pas colonis\u00e9. Je nai colonis\u00e9 personne. Je nai mis personne en esclavage. Pour arriver plus pr\u00e9cis\u00e9ment sur laffaire George Floyd et laffaire Adama Traor\u00e9 : Je nai pas \u00e0 mexcuser pour la mort dun Afro-Am\u00e9ricain aux \u00c9tats-Unis. Je nai pas \u00e0 mexcuser pour la mort dun d\u00e9linquant, Adama Traor\u00e9, une mort accidentelle qui a eu lieu \u00e0 la suite dune interpellation qui nest pas li\u00e9e, cest important de le rappeler, \u00e0 sa couleur de peau mais aux crimes quil aurait commisDes propos qui ont fait bondir Assa Traor\u00e9 qui se bat pour que les raisons de la mort de son fr\u00e8re soient connues et qui lont incit\u00e9e \u00e0 porter plainte pour diffamation, plainte quelle a expliqu\u00e9e ainsi : Moi non plus, je ne d\u00e9poserai pas le genou face \u00e0 vous, madame Le Pen, ni face \u00e0 vos amis et coll\u00e8gues racistes qui incitent \u00e0 la haine raciale. Vous utilisez des termes populistes que vous ne ma\u00eetrisez m\u00eame pas. Vous mentionnez un dossier juridique que vous ne connaissez m\u00eame pas. Vous diffamez une famille. Une plainte est partie \u00e0 votre encontre. \u00c0 chaque fois quune personne diffamera ma famille, je porterai plainte.Une plainte contre Marion Mar\u00e9chal Le Pen! Madame, vous osez attaquer ma famille, attaquer mon fr\u00e8re, Adama TRAORE. Nous \u00e9tions 80.000 \u00e0 demander que justice soit faites, nous serons encore plus nombreux \u00e0 sopposer \u00e0 vous et \u00e0 r\u00e9clamer \u00e0 nouveau que nos droits soient respect\u00e9s pic.twitter.comayxMHGKSt9 La V\u00e9rit\u00e9 Pour Adama laveritepradama June 12, 2020 GCM : Cest lhistoire dun voyage fantastique auquel ont particip\u00e9 plus dun \u00e9l\u00e9ment Vari\u00e9t\u00e9 francophone-Paru le 16 f\u00e9vrier 2018 Universal Music Distribution Deal Les activit\u00e9s connues de Grand Corps Malade sont : artiste, chanteur, \u00e9crivain, musicien, po\u00e8te, slammeur. Combien un petit quart dheure que nous d\u00e9robons \u00e0 nos occupations, \u00e0 quelques inutilit\u00e9s, pour prier, lui est agr\u00e9able. Mais celui-ci ma rien appris, jai juste r\u00e9vis\u00e9 le th\u00e9or\u00e8me de Pythagore Rappelle-toi juste que cest pas une insulte, on avance tous sur le m\u00eame chemin On a march\u00e9 un ptit moment, moins longtemps que cque jaurais cru.<\/p>\n","protected":false},"excerpt":{"rendered":"<p>parole rencontre grand coeur malade<\/p>\n","protected":false},"author":1,"featured_media":0,"comment_status":"closed","ping_status":"closed","sticky":false,"template":"","format":"standard","meta":{"zakra_page_container_layout":"customizer","zakra_page_sidebar_layout":"customizer","zakra_remove_content_margin":false,"zakra_sidebar":"customizer","zakra_transparent_header":"customizer","zakra_logo":0,"zakra_main_header_style":"default","zakra_menu_item_color":"","zakra_menu_item_hover_color":"","zakra_menu_item_active_color":"","zakra_menu_active_style":"","zakra_page_header":true,"footnotes":""},"categories":[1],"tags":[],"_links":{"self":[{"href":"https:\/\/www.urwshop.net\/forum\/wp-json\/wp\/v2\/posts\/6121"}],"collection":[{"href":"https:\/\/www.urwshop.net\/forum\/wp-json\/wp\/v2\/posts"}],"about":[{"href":"https:\/\/www.urwshop.net\/forum\/wp-json\/wp\/v2\/types\/post"}],"author":[{"embeddable":true,"href":"https:\/\/www.urwshop.net\/forum\/wp-json\/wp\/v2\/users\/1"}],"replies":[{"embeddable":true,"href":"https:\/\/www.urwshop.net\/forum\/wp-json\/wp\/v2\/comments?post=6121"}],"version-history":[{"count":1,"href":"https:\/\/www.urwshop.net\/forum\/wp-json\/wp\/v2\/posts\/6121\/revisions"}],"predecessor-version":[{"id":6122,"href":"https:\/\/www.urwshop.net\/forum\/wp-json\/wp\/v2\/posts\/6121\/revisions\/6122"}],"wp:attachment":[{"href":"https:\/\/www.urwshop.net\/forum\/wp-json\/wp\/v2\/media?parent=6121"}],"wp:term":[{"taxonomy":"category","embeddable":true,"href":"https:\/\/www.urwshop.net\/forum\/wp-json\/wp\/v2\/categories?post=6121"},{"taxonomy":"post_tag","embeddable":true,"href":"https:\/\/www.urwshop.net\/forum\/wp-json\/wp\/v2\/tags?post=6121"}],"curies":[{"name":"wp","href":"https:\/\/api.w.org\/{rel}","templated":true}]}}