{"id":6249,"date":"2020-06-30T09:43:57","date_gmt":"2020-06-30T09:43:57","guid":{"rendered":"http:\/\/www.urwshop.net\/forum\/?p=6249"},"modified":"2020-06-24T07:15:07","modified_gmt":"2020-06-24T07:15:07","slug":"rencontre-onfray-melenchon","status":"publish","type":"post","link":"https:\/\/www.urwshop.net\/forum\/2020\/06\/30\/rencontre-onfray-melenchon\/","title":{"rendered":"Rencontre Onfray Melenchon"},"content":{"rendered":"<p>Camarade, tu as dis roi dAutriche, si lon veut \u00eatre exact, il ny avait pas de roi en Autriche \u00e0 l\u00e9poque il ny en a jamais eu, dailleurs, mais un archiduc, qui \u00e9tait accessoirement empereur du Saint-Empire Romain Germanique. Enfin, de ce quil en restait par rapport \u00e0 son \u00e9tendue au moyen \u00e2ge. Suite \u00e0 la dissolution de cette instance par Napol\u00e9on en 1806, les archiducs dAutriche sont devenus empereurs dAutriche. Fermer la banni\u00e8re davertissement sur les cookies Linfo ne venait pas dun blog mais de&#8211; 10 janvier 2016 \u00e0 18:11 CET Et acc\u00e9dez \u00e0 dautres services exclusifs jeux-concours, \u00e9v\u00e9nements  <img decoding=\"async\" src=\"http:\/\/www.upsitream.tk\/assets\/files\/slider17-18\/lamerat.jpg\" alt=\"rencontre onfray melenchon\" align=\"left\"> Sources donc qui en valent bien dautres, limitons-nous donc \u00e0 celles-ci, lactualit\u00e9 en France, les crises.fr, Michel Onfray ci-dessus, moi-m\u00eame qui, t\u00e9m\u00e9raire sans doute, ose une toute petite confidence, et toutes ces personnes autour de moi, touristes dun peu partout dans le monde, \u00e9trangers r\u00e9sidents et citoyens du pays lointain o\u00f9 je me trouve ces temps-ci. 7 On doit \u00e0 Maurice Joyeux lint\u00e9ressant Albert Camus ou la r\u00e9volte et la mesure, \u00e9dition La Rue. Le chanteur Bernard Lavilliers, le cin\u00e9aste Robert Gu\u00e9diguian, les com\u00e9dien Yvan Le Bolloch et Jacques Weber, le psychanalyste G\u00e9rard Miller, le philosophe Michel Onfray ou les sociologues Michel Pin\u00e7on et Monique Pin\u00e7on-Charlot ont exprim\u00e9 leur soutien \u00e0 la candidature de Jean-Luc M\u00e9lenchon. Tout comme lacteur Jean-Pierre Daroussin et la styliste Agn\u00e8s B. Qui ont ralli\u00e9 le candidat du Front de Gauche peut avant son rassemblement \u00e0 la Bastille le 18 mars Je ne suis moi-m\u00eame pas en fac de philo donc je ne critique pas comme les universitaires, et je nai pas acc\u00e8s \u00e0 leurs sources concernant Onfray. Je nai rien contre la vulgarisation et je trouve son anti-manuel bien fait pour initier les jeunes \u00e0 la philosophie. Reste que je vois mal en quoi Onfray peut-\u00eatre class\u00e9 comme philosophe, il na d\u00e9velopp\u00e9 quasi-aucun concept qui lui soit propre, et ce quil a \u00e9crit, dautres lont \u00e9crit avant lui La Mettrie, dHolbach etc.. Et ce nest pas parce quon \u00e9crit un ouvrage de vulgarisation que \u00e7a fait de vous un philosophe. Jaimerais que quelquun me prouve, par rapport \u00e0 larticle philosophe de WP, en quoi Onfray peut-\u00eatre class\u00e9 comme tel.. Juste quil faut savoir maintenir la coh\u00e9rence de WP, je ne cherche pas \u00e0 refaire le monde comme je lai lu, juste \u00e0 participer \u00e0 WP pour en am\u00e9liorer le contenu&#8211; 29 mai 2007 \u00e0 13:54 CEST Assa Traor\u00e9 annonce avoir port\u00e9 plainte contre Marion Mar\u00e9chal De gr\u00e2ce arr\u00eatez de tourner autour du pot et dites-nous ce quest le contenu de ces avis \u00e9clair\u00e9s sur la France et les Fran\u00e7ais du concret sil vous pla\u00eet Mais au fond cest tant mieux si cet idiot pr\u00e9sente ses excuses car nous devons tous calmer le jeu, appeler \u00e0 la concorde et \u00e0 la paix tout en d\u00e9fendant avec la plus grande fermet\u00e9 notre soci\u00e9t\u00e9 la\u00efque de libert\u00e9s. La ligne de cr\u00eate est \u00e9troite. Comment est-il possible qu\u00e0 quelques rares exceptions pr\u00e8s, le Marquis soit devenu lidole de tous? On doit ceci \u00e0 Apollinaire, r\u00e9dacteur de la pr\u00e9face hagiographique dun recueil de textes de Sade choisis par lui-m\u00eame en 1909. Il construit ainsi, sans grande connaissance des oeuvres de lauteur, le mythe du marquis, qui tient lieu dhistoire. Envoyer \u00e0 ladresse e-mail Votre nom Votre adresse e-mail Partant du principe que ce qui cause le mal ou le probl\u00e8me ne saurait participer du bien et de la solution, constatant, une nouvelle fois, que les solutions se trouvent \u00e0 hauteur de probl\u00e8mes avec les femmes et les hommes concern\u00e9s et sur les territoires de vie et de travail o\u00f9 espoirs et souffrances se constatent et sexpriment, le philosophe normand Michel Onfray nous propose de m\u00e9diter le texte \u00e0 lire ci-apr\u00e8s. Il nous propose une sorte de mode demploi pour nous permettre une issue par le haut de la crise en cours, cest-\u00e0-dire, de transformer lactuelle jacquerie anti-fiscale avec son inqui\u00e9tante n\u00e9gativit\u00e9 en une insurrection citoyenne, d\u00e9mocratique et girondine pleine de positivit\u00e9 au prix dun effort dintelligence individuelle et collective pour \u00e9viter tous les pi\u00e8ges de la r\u00e9cup\u00e9ration ou de la manipulation politique.. Le but nest-il pas de comprendre Onfray \u00e0 travers Wikipedia? Lencyclop\u00e9die est-elle r\u00e9ellement libre? <img decoding=\"async\" src=\"http:\/\/www.caqrlsonerna.ga\/sites\/default\/files\/revuepresse\/02-09-18-_rl_edthionville_lecampusdes_metiersfaitsa_rentree.jpg\" alt=\"rencontre onfray melenchon\" align=\"left\">  <img decoding=\"async\" src=\"http:\/\/image.noelshack.com\/fichiers\/2016\/46\/1479415791-003.png\" alt=\"rencontre onfray melenchon\" align=\"center\"> Le point commun de tous ces individus? Leur go\u00fbt d?une sagesse praticable, d?un vocabulaire clair, d?un expos\u00e9 limpide, d?une th\u00e9orie \u00e0 m\u00eame de produire une vie philosophique. A la mani\u00e8re des sages antiques, tous tournent le dos au langage obscur, \u00e0 la philosophie pour philosophes, aux discussions de sp\u00e9cialistes, aux sujets professionnels pour faire de la philosophie un art de vivre? de bien vivre, de mieux vivre. Chev\u00e8nement : une rencontre en septembre avec Montebourg, M\u00e9lenchon, Dupont-Aignan 1. QUESTION DU PUBLIC : Sur Robespierre et Jean-Luc M\u00e9lenchon 2. La r\u00e9cup\u00e9ration politique de la R\u00e9volution fran\u00e7aise 3. La n\u00e9cessit\u00e9 revenir aux sources historiques 4. Limpasse du jacobinisme 5. Sur les anciens mod\u00e8les appliqu\u00e9s aujourdhui 6. Le mandat imp\u00e9ratif, une option libertaire 7. Le r\u00f4le de lintellectuel. Inscrivez-vous pour \u00eatre inform\u00e9, en temps r\u00e9el, des r\u00e9sultats dans votre commune Black Lives Matter BLM : le combat des descendants desclaves de 1492, que ce soit aux \u00c9tats-Unis ou en France, est-il le m\u00eame que celui en France des descendants du regroupement familial de 1974? Michel Onfray, coh\u00e9rent avec lui-m\u00eame, s?en prend ici \u00e0 une religion qui, bien plus que les monoth\u00e9ismes qu?il pourfendait dans son Trait\u00e9 d?ath\u00e9ologie, semble avoir encore de beaux jours devant elle. Cette religion, c?est la psychanalyse? et, plus particuli\u00e8rement, le freudisme. Macron ne veut pas du Brexit laccord nest pas n\u00e9gociable car il ne souhaite pas dun De Gaulle allant se r\u00e9fugier \u00e0 Londres et revenant en France un peu plus tard. La lib\u00e9ration sera houleuse pour ceux qui, depuis quelque temps d\u00e9j\u00e0, ont choisi la kollaboration avec BruxellesBerlinIles Cayman.  On peut \u00eatre contre Zemmour, mais sen prendre \u00e0 lui, cest sen prendre \u00e0 la France de Voltaire! L\u00e9dito de Michel Taube-Opinion Internationale.<\/p>\n","protected":false},"excerpt":{"rendered":"<p>rencontre onfray melenchon<\/p>\n","protected":false},"author":1,"featured_media":0,"comment_status":"closed","ping_status":"closed","sticky":false,"template":"","format":"standard","meta":{"zakra_page_container_layout":"customizer","zakra_page_sidebar_layout":"customizer","zakra_remove_content_margin":false,"zakra_sidebar":"customizer","zakra_transparent_header":"customizer","zakra_logo":0,"zakra_main_header_style":"default","zakra_menu_item_color":"","zakra_menu_item_hover_color":"","zakra_menu_item_active_color":"","zakra_menu_active_style":"","zakra_page_header":true,"footnotes":""},"categories":[1],"tags":[],"_links":{"self":[{"href":"https:\/\/www.urwshop.net\/forum\/wp-json\/wp\/v2\/posts\/6249"}],"collection":[{"href":"https:\/\/www.urwshop.net\/forum\/wp-json\/wp\/v2\/posts"}],"about":[{"href":"https:\/\/www.urwshop.net\/forum\/wp-json\/wp\/v2\/types\/post"}],"author":[{"embeddable":true,"href":"https:\/\/www.urwshop.net\/forum\/wp-json\/wp\/v2\/users\/1"}],"replies":[{"embeddable":true,"href":"https:\/\/www.urwshop.net\/forum\/wp-json\/wp\/v2\/comments?post=6249"}],"version-history":[{"count":1,"href":"https:\/\/www.urwshop.net\/forum\/wp-json\/wp\/v2\/posts\/6249\/revisions"}],"predecessor-version":[{"id":6250,"href":"https:\/\/www.urwshop.net\/forum\/wp-json\/wp\/v2\/posts\/6249\/revisions\/6250"}],"wp:attachment":[{"href":"https:\/\/www.urwshop.net\/forum\/wp-json\/wp\/v2\/media?parent=6249"}],"wp:term":[{"taxonomy":"category","embeddable":true,"href":"https:\/\/www.urwshop.net\/forum\/wp-json\/wp\/v2\/categories?post=6249"},{"taxonomy":"post_tag","embeddable":true,"href":"https:\/\/www.urwshop.net\/forum\/wp-json\/wp\/v2\/tags?post=6249"}],"curies":[{"name":"wp","href":"https:\/\/api.w.org\/{rel}","templated":true}]}}