{"id":6415,"date":"2020-06-30T23:41:57","date_gmt":"2020-06-30T23:41:57","guid":{"rendered":"http:\/\/www.urwshop.net\/forum\/?p=6415"},"modified":"2020-06-24T10:31:06","modified_gmt":"2020-06-24T10:31:06","slug":"rencontres-catholiques-pratiquants","status":"publish","type":"post","link":"https:\/\/www.urwshop.net\/forum\/2020\/06\/30\/rencontres-catholiques-pratiquants\/","title":{"rendered":"Rencontres Catholiques Pratiquants"},"content":{"rendered":"<p>Dominique, excelleriez-vous \u00e0 comprendre ceux qui pensent autrement que vous de travers, comme si vous cherchiez \u00e0 vous conforter combat contre qui, contre quoi? Chaque matin \u00e0 8 heures, recevez lessentiel de lactualit\u00e9 pour bien d\u00e9marrer la journ\u00e9e H. Xxx 868-Georges, retrait\u00e9, bac4,n\u00e9 ne 1935 divorc\u00e9, catholique, 165 cm, visage sympathique, excellente sant\u00e9, non fumeur. Allure classique, jeune, moderne. Caract\u00e8re : pr\u00e9venant, s\u00e9rieux, gai, intellectuel, sensible, romantique, affectueux, d\u00e9vou\u00e9, attentionn\u00e9, calme, compr\u00e9hensif. Go\u00fbts : lecture, art, photos, mus\u00e9es, voyages, cuisine, bricolage, marche, musique classique, musique en g\u00e9n\u00e9ral. Je souhaite rencontrer une femme simple, gentille, douce et affectueuse \u00e0 qui je saurai apporter aide s\u00e9curit\u00e9 joie de vivre. Combler ce vide qui nous manque. Vivre heureux tout simplement D\u00e9p. Xx T\u00e9l. : 06&#8212;&#8212;&#8212;-51. E-mail : geo&#8212;&#8212;&#8212;&#8212;-yahoo.fr Ces cat\u00e9ch\u00e8ses sont une rencontre existentielle avec J\u00e9sus Christ ressuscit\u00e9, pr\u00e9sent dans son Eglise \u00e0 travers la pr\u00e9dication. Les catholiques pratiquants sont invit\u00e9s en premier lieu \u00e0 ces rencontres qui sont destin\u00e9es \u00e0 grandir dans la foi. Pour autant, ce ne sont ni des cours, ni des conf\u00e9rences didactiques, et cette cat\u00e9ch\u00e8se ne pr\u00e9suppose rien. Cest pourquoi un adulte ou un jeune nayant pas la foi ou non baptis\u00e9 peut \u00e9couter la cat\u00e9ch\u00e8se et \u00eatre touch\u00e9 par lannonce de lamour et de la mis\u00e9ricorde de Dieu pour lui. Ces rencontres sont donc ouvertes \u00e0 toute personne, croyante ou non, agnostique ou ath\u00e9e, baptis\u00e9e ou non-baptis\u00e9e, catholique ou dune autre confession chr\u00e9tienne ou dune autre religion, car toute personne peut conna\u00eetre J\u00e9sus-Christ. A mon sens, le probl\u00e8me ne r\u00e9side pas dans la gratuit\u00e9 ou non du site mais bien du profil g\u00e9n\u00e9ral des utilisateurs et de lusage quils en font. Et l\u00e0, stupeur!! H. Xxx 307-Yvon, retrait\u00e9 des travaux publics, n\u00e9 en 1939, divorc\u00e9 catholique 170 cm cheveux poivre et sel visage sympathique bonne sant\u00e9 non-fumeur. Allure sportive et classique. Caract\u00e8re : pr\u00e9venant r\u00e9serv\u00e9 gai dynamique manuel intellectuel r\u00e9aliste affectueux d\u00e9vou\u00e9 compr\u00e9hensif. Go\u00fbts : lecture th\u00e9\u00e2tre t\u00e9l\u00e9vision voyage bricolage marche. Papy boomer jeune dans son coeur et dans sa t\u00eate aimerait rencontrer dame d\u00e9sireuse de partager et d\u00e9changer non-fumeuse bon niveau socioculturel gaie spontan\u00e9e avec toutefois un peu de r\u00e9serve aimant voyage promenade, femme dint\u00e9rieur et de bonne moralit\u00e9. D\u00e9p xx. T\u00e9l : 02&#8212;&#8212;&#8211;75. E-mail : h.yvonwanadoo.fr Acc\u00e9dez \u00e0 la version fran\u00e7aise de son \u00e9tude pour un r\u00e9sum\u00e9, cliquez Au c\u0153ur de votre ADN, des valeurs chr\u00e9tiennes et humaines! Rambouillet et Versailles ont fait le n\u00e9cessaire. Ces publicit\u00e9s posaient un certain nombre de probl\u00e8mes \u00e0 une partie de la population, notamment des catholiques pratiquants les plus attach\u00e9s aux valeurs familiales, a rapport\u00e9 la municipalit\u00e9 de Versailles. A Rambouillet, cest le maire UMP Marc Robert qui a pris les devants : alert\u00e9 par des habitants, il a envoy\u00e9 un courrier \u00e0 Transdev pour lui faire part de son \u00e9tonnement et lui demander de faire le n\u00e9cessaire.  On peut accompagner son enfant jusquau bout tout en reconnaissant que ce quil vit nest pas forc\u00e9ment le meilleur ni forc\u00e9ment le plan de Dieu puisque le th\u00e8me est aussi celui l\u00e0. Le renouveau catholique nest pas un mirage. Lo\u00efc Le Pape, sociologue des religions, explique : Le changement est le fruit des bapt\u00eames dadultes, qui ne prennent pas cet engagement \u00e0 la l\u00e9g\u00e8re. Alsacienne1m78brune cheveux long yeux marrons de non fumeuse c\u00e9libataire sans enfant de 34 ans assez rondedonc si les rondeurs vous g\u00e8ne pas besoin de m\u00e9crire ayant du caract\u00e8re et s\u00e9rieuse cherche un homme du bas Rhin uniquement qui a des projets et buts dans la vie souhaitant fonder une famille. Lambert, Yves 1978, Les agriculteurs, les classes sociales et la religion catholique, \u00c9conomie rurale 125 1 : 3-11. <img decoding=\"async\" src=\"http:\/\/catholique-angers.cef.fr\/local\/cache-gd2\/9b0fbec822a08ada1a97b5b07f7346d3.jpg\" alt=\"rencontres catholiques pratiquants\" align=\"left\"> Cest gr\u00e2ce \u00e0 la parole dautres personnes que nous sommes ici ce dimanche. Paroles de cat\u00e9chistes, paroles de consacr\u00e9s, de pr\u00eatres, paroles de parents, de grands-parents, damis Tarif unique 5 3 avec le billet du spectacle Martyr Dur\u00e9e 52 min. Ce qui ma s\u00e9duit sur Theotokos, cest son \u00e9thique chr\u00e9tienne.. On peut n\u00e9anmoins interroger les fondements de cette posture m\u00e9diatique et politique. Cette absence du religieux rel\u00e8ve-t-elle dune v\u00e9ritable la\u00efcisation de la croyance Gauchet, 1998? Ou bien proc\u00e8de-t-elle davantage dune invisibilisation strat\u00e9giquement concert\u00e9e? Dans La religion dans la d\u00e9mocratie, le philosophe affirme en effet la dissociation entre la religion et lordre politique aujourdhui consomm\u00e9e. La phase lib\u00e9rale et r\u00e9publicaine aurait, depuis le Concordat napol\u00e9onien, sign\u00e9e la naissance de la sph\u00e8re des int\u00e9r\u00eats priv\u00e9s au sein de laquelle se serait progressivement retranch\u00e9e la croyance. Lid\u00e9al social et d\u00e9mocratique repr\u00e9sent\u00e9 par le principe dautonomie aurait \u00e9t\u00e9 atteint et consomm\u00e9 depuis les ann\u00e9es 1970. Le principe dh\u00e9t\u00e9ronomie ne semblerait plus \u00e0 combattre dans la soci\u00e9t\u00e9 contemporaine travers\u00e9e par un mouvement de s\u00e9cularisation de plus en plus massif. La religion catholique elle-m\u00eame et cest pr\u00e9cis\u00e9ment le pan de son analyse qui nous int\u00e9resse ici aurait int\u00e9rioris\u00e9e les valeurs de la d\u00e9mocratie parmi lesquelles figure, au premier plan, celle de la\u00efcit\u00e9. Du c\u00f4t\u00e9 des footballeurs avec ladite bague magique, vous aurez.. Le P. Kang a indiqu\u00e9 quau cours dun conseil presbyt\u00e9ral tenu en 2001, les pr\u00eatres de Cheongju avaient \u00e9t\u00e9 unanimes pour affirmer quune grosse paroisse devait n\u00e9cessairement \u00eatre divis\u00e9e en communaut\u00e9s plus petites denviron 1 500 personnes pour que le travail pastoral soit plus proche des paroissiens. Ainsi, en janvier dernier, les 4 600 paroissiens de la paroisse de Poktae-dong ont \u00e9t\u00e9 r\u00e9partis en deux nouvelles paroisses, \u00e0 titre exp\u00e9rimental et pour une ann\u00e9e, \u00e0 lissue de laquelle le dioc\u00e8se \u00e9valuera les r\u00e9sultats de lexp\u00e9rience. Le P. Antonio Kang Sung-ho, le responsable de la nouvelle paroisse de Gaesin-dong issue de cette partition, \u00e9value \u00e0 70 le nombre de ses paroissiens non pratiquants. Bien que sa nouvelle communaut\u00e9 ne compte plus que 450 personnes, il anticipe un fort accroissement du nombre des catholiques sur le territoire de sa paroisse, de nouveaux immeubles \u00e9tant en construction dans son secteur ; en 2005, la population devrait atteindre les 15 000 habitants, dont, sans doute, 10 de catholiques. Apr\u00e8s quatre mois dexp\u00e9rience, le P. Antonio Kang se dit en droit dattendre de bons r\u00e9sultats m\u00eame si, pour linstant, de grands changements ne se sont pas encore produits. Avec ce nombre relativement restreint de paroissiens, le pr\u00eatre dit pouvoir prendre contact chaque jour avec un ou plusieurs non-pratiquants connus de lui. Il avoue que ces premi\u00e8res visites ne sont pas faciles parce que les gens ne d\u00e9sirent pas sexprimer, mais quapr\u00e8s plusieurs rencontres, certains retrouvent le chemin de lEglise.  <img decoding=\"async\" src=\"http:\/\/img.over-blog-kiwi.com\/1\/09\/49\/84\/20151217\/ob_96c382_ps-ccif-cambadelis-samy-debah5.jpg\" alt=\"rencontres catholiques pratiquants\" align=\"left\"> Contrairement au nivellement, lunit\u00e9 sappuie sur la diff\u00e9rence. Si lon \u00e9tudie la Trinit\u00e9, ce qui est admirable, extraordinaire, cest cette communion comme aucunes personnes humaines ne pourraient \u00eatre en communion et \u00e0 la fois cette diversit\u00e9 des personnes encore plus grande quaucunes personnes humaines ne peuvent l\u00eatre. Dans la Trinit\u00e9, il y a la fois la communion et la diff\u00e9rence. Qui plus est, cette diff\u00e9rence est comme la condition de cette communion. Salut a vous moi c est david fiere d etre ici je suis un jeune homme celibataire sans enfanf je vis au cameroun et je suis ici pour une relation serieuse pouvant aboutir au mariage merci de m ecrire et bonne journee j ai un corps sportif j aime joue au basket je mesure 1m.92 travailleur et sympas Commentaires ferm\u00e9s sur Information sur la r\u00e9ouverture du temple et mise \u00e0 jour du programme des activit\u00e9s. Cest sans doute pour cela que certains cur\u00e9s que vous napprouvez pas ne sont pas motiv\u00e9s pour faire renaitre cette pratique. Sur EliteRencontre, les c\u00e9libataires qui composent notre communaut\u00e9 viennent des quatre coins de la France et parfois m\u00eame dailleurs! en Autriche,, ancien vicaire, appelle publiquement en juin 2011 \u00e0 lordination lordination dhommes mari\u00e9s et de femmes ainsi qu\u00e0 la c\u00e9l\u00e9bration deucharistie en labsence de pr\u00eatres. Son appel re\u00e7oit laval de 329 pr\u00eatres autrichiens et le cardinal-archev\u00eaques de Vienne,, rappelle les signataires \u00e0 leur devoir dob\u00e9issance de la hi\u00e9rarchie. Le mouvement re\u00e7oit \u00e9galement un \u00e9cho dans le sud de lAllemagne o\u00f9 une trentaine de pr\u00eatres du dioc\u00e8se de Passau ont form\u00e9 un groupe qui d\u00e9fend des positions similaires au mouvement autrichien.  <img decoding=\"async\" src=\"http:\/\/sportmagazine.levif.be\/medias\/2023\/1035907.jpg\" alt=\"rencontres catholiques pratiquants\" align=\"center\">.<\/p>\n","protected":false},"excerpt":{"rendered":"<p>rencontres catholiques pratiquants<\/p>\n","protected":false},"author":1,"featured_media":0,"comment_status":"closed","ping_status":"closed","sticky":false,"template":"","format":"standard","meta":{"zakra_page_container_layout":"customizer","zakra_page_sidebar_layout":"customizer","zakra_remove_content_margin":false,"zakra_sidebar":"customizer","zakra_transparent_header":"customizer","zakra_logo":0,"zakra_main_header_style":"default","zakra_menu_item_color":"","zakra_menu_item_hover_color":"","zakra_menu_item_active_color":"","zakra_menu_active_style":"","zakra_page_header":true,"footnotes":""},"categories":[1],"tags":[],"_links":{"self":[{"href":"https:\/\/www.urwshop.net\/forum\/wp-json\/wp\/v2\/posts\/6415"}],"collection":[{"href":"https:\/\/www.urwshop.net\/forum\/wp-json\/wp\/v2\/posts"}],"about":[{"href":"https:\/\/www.urwshop.net\/forum\/wp-json\/wp\/v2\/types\/post"}],"author":[{"embeddable":true,"href":"https:\/\/www.urwshop.net\/forum\/wp-json\/wp\/v2\/users\/1"}],"replies":[{"embeddable":true,"href":"https:\/\/www.urwshop.net\/forum\/wp-json\/wp\/v2\/comments?post=6415"}],"version-history":[{"count":1,"href":"https:\/\/www.urwshop.net\/forum\/wp-json\/wp\/v2\/posts\/6415\/revisions"}],"predecessor-version":[{"id":6416,"href":"https:\/\/www.urwshop.net\/forum\/wp-json\/wp\/v2\/posts\/6415\/revisions\/6416"}],"wp:attachment":[{"href":"https:\/\/www.urwshop.net\/forum\/wp-json\/wp\/v2\/media?parent=6415"}],"wp:term":[{"taxonomy":"category","embeddable":true,"href":"https:\/\/www.urwshop.net\/forum\/wp-json\/wp\/v2\/categories?post=6415"},{"taxonomy":"post_tag","embeddable":true,"href":"https:\/\/www.urwshop.net\/forum\/wp-json\/wp\/v2\/tags?post=6415"}],"curies":[{"name":"wp","href":"https:\/\/api.w.org\/{rel}","templated":true}]}}