{"id":6513,"date":"2020-06-30T04:15:45","date_gmt":"2020-06-30T04:15:45","guid":{"rendered":"http:\/\/www.urwshop.net\/forum\/?p=6513"},"modified":"2020-06-24T12:24:26","modified_gmt":"2020-06-24T12:24:26","slug":"rencontre-snpl-gouvernement","status":"publish","type":"post","link":"https:\/\/www.urwshop.net\/forum\/2020\/06\/30\/rencontre-snpl-gouvernement\/","title":{"rendered":"Rencontre Snpl Gouvernement"},"content":{"rendered":"<p><img decoding=\"async\" src=\"http:\/\/www.storbykers.gq\/sites\/default\/files\/field\/image\/habillagesite150px_diag.jpg\" alt=\"rencontre snpl gouvernement\" align=\"right\">  SNCF, RATP, Air France : le point sur la gr\u00e8ve du 5 d\u00e9cembre Prochain temps fort pour les opposants : samedi 28 avec une journ\u00e9e dactions d\u00e9centralis\u00e9es dans toute la France. Mais lex\u00e9cutif la redit cette semaine par la voix de son nouveau M. Retraites, Laurent Pietraszewski : pas question de revenir sur la suppression des r\u00e9gimes sp\u00e9ciaux. Le prochain rendez-vous des partenaires sociaux avec lex\u00e9cutif a \u00e9t\u00e9 fix\u00e9 au 7 janvier, d\u00e9but dune s\u00e9rie de rencontres th\u00e9matiques avant la pr\u00e9sentation du projet de loi en Conseil des ministres le 22 janvier. La CGT a pour sa part averti que la proposition que fera Benjamin Smith lors de la r\u00e9union avec lintersyndicale sera d\u00e9terminante sur la relance ou le solde du conflit, en se disant pr\u00eate \u00e0 repartir au combat. \u03a3\u03b5\u03bb\u03b9\u03bd\u03b1\u03c4\u03bf \u03bc\u03b5 \u03c3\u03b5\u03bb\u03b9\u03bd\u03bf\u03c1\u03b9\u03b6\u03b1 \u03b4\u03c9\u03c1\u03b1 \u03b6\u03b5\u03bc\u03c0\u03b5\u03c1\u03b7 \u03c4\u03b1\u03c6\u03bf\u03c2 \u03b5\u03ba\u03c0\u03b1\u03b9\u03b4\u03b5\u03c5\u03c4\u03b9\u03ba\u03b1 \u03c0\u03c1\u03bf\u03b3\u03c1\u03b1\u03bc\u03bc\u03b1\u03c4\u03b1 \u03b3\u03b9\u03b1 \u03c0\u03b1\u03b9\u03b4\u03b9\u03b1 \u03b1 \u03b4\u03b7\u03bc\u03bf\u03c4\u03b9\u03ba\u03bf\u03c5 \u03c0\u03af\u03bd\u03b1\u03ba\u03b5\u03c2 \u03c0\u03b5\u03c1\u03b9\u03b5\u03c7\u03bf\u03bc\u03ad\u03bd\u03c9\u03bd word Et maintenant, les pilotes dAir France votent le principe dune gr\u00e8ve longue 76actu Notre site utilise des cookies qui nous permettent dam\u00e9liorer votre navigation et de r\u00e9aliser des statistiques de visites. En utilisant www.pcf.fr, vous acceptez lutilisation de ces cookies. Le dialogue doit \u00e9galement reprendre en d\u00e9but de semaine avec les autres syndicats, d\u00e8s lundi avec les stewards et h\u00f4tesses, selon lUnac. Les adh\u00e9rents du premier syndicat de pilotes \u00e0 Air France 65 des voix \u00e9taient consult\u00e9s depuis la mi-mai sur lopportunit\u00e9 dune gr\u00e8ve de plus de six jours, en r\u00e9action \u00e0 la d\u00e9cision de la compagnie de mettre en oeuvre certaines mesures de productivit\u00e9 n\u00e9goci\u00e9es en 2012, mais jamais appliqu\u00e9es.  Tous les syndicats renvoient depuis des mois l\u00c9tat \u00e0 ses responsabilit\u00e9s, pointant le niveau des taxes du transport a\u00e9rien et loctroi de droits de trafic en France aux compagnies concurrentes, du Golfe notamment.  La CGT et Sud qui ont d\u00e9j\u00e0 \u00e9t\u00e9 battus et ridiculis\u00e9s par le gouvernement vont certainement continuer \u00e0 se radicaliser Pour les psychologues en lib\u00e9ral en arr\u00eat de travail pour des motifs de sant\u00e9 ou motifs familiaux imp\u00e9rieux ; Les r\u00e9gimes sp\u00e9ciaux Sncf, Ratp, Edf qui sont structurellement d\u00e9s\u00e9quilibr\u00e9s sur le plan financier et ne disposent pas de r\u00e9serves Composition et biographies des membres du cabinet du Ministre Soutien de longue date dun syst\u00e8me universel, la centrale ne d\u00e9col\u00e8re pas depuis le discours du Premier ministre et rejoint le mouvement ce mardi. <img decoding=\"async\" src=\"http:\/\/www.puortaldovt.cf\/cache\/avatars\/678797_1508506950_fr.png\" alt=\"rencontre snpl gouvernement\" align=\"left\"> <img decoding=\"async\" src=\"http:\/\/www.roadbrildge.cf\/fr\/federation\/formation\/PublishingImages\/FOAD.jpg\" alt=\"rencontre snpl gouvernement\" align=\"left\">.<\/p>\n","protected":false},"excerpt":{"rendered":"<p>rencontre snpl gouvernement<\/p>\n","protected":false},"author":1,"featured_media":0,"comment_status":"closed","ping_status":"closed","sticky":false,"template":"","format":"standard","meta":{"zakra_page_container_layout":"customizer","zakra_page_sidebar_layout":"customizer","zakra_remove_content_margin":false,"zakra_sidebar":"customizer","zakra_transparent_header":"customizer","zakra_logo":0,"zakra_main_header_style":"default","zakra_menu_item_color":"","zakra_menu_item_hover_color":"","zakra_menu_item_active_color":"","zakra_menu_active_style":"","zakra_page_header":true,"footnotes":""},"categories":[1],"tags":[],"_links":{"self":[{"href":"https:\/\/www.urwshop.net\/forum\/wp-json\/wp\/v2\/posts\/6513"}],"collection":[{"href":"https:\/\/www.urwshop.net\/forum\/wp-json\/wp\/v2\/posts"}],"about":[{"href":"https:\/\/www.urwshop.net\/forum\/wp-json\/wp\/v2\/types\/post"}],"author":[{"embeddable":true,"href":"https:\/\/www.urwshop.net\/forum\/wp-json\/wp\/v2\/users\/1"}],"replies":[{"embeddable":true,"href":"https:\/\/www.urwshop.net\/forum\/wp-json\/wp\/v2\/comments?post=6513"}],"version-history":[{"count":1,"href":"https:\/\/www.urwshop.net\/forum\/wp-json\/wp\/v2\/posts\/6513\/revisions"}],"predecessor-version":[{"id":6514,"href":"https:\/\/www.urwshop.net\/forum\/wp-json\/wp\/v2\/posts\/6513\/revisions\/6514"}],"wp:attachment":[{"href":"https:\/\/www.urwshop.net\/forum\/wp-json\/wp\/v2\/media?parent=6513"}],"wp:term":[{"taxonomy":"category","embeddable":true,"href":"https:\/\/www.urwshop.net\/forum\/wp-json\/wp\/v2\/categories?post=6513"},{"taxonomy":"post_tag","embeddable":true,"href":"https:\/\/www.urwshop.net\/forum\/wp-json\/wp\/v2\/tags?post=6513"}],"curies":[{"name":"wp","href":"https:\/\/api.w.org\/{rel}","templated":true}]}}