{"id":6517,"date":"2020-06-30T03:05:51","date_gmt":"2020-06-30T03:05:51","guid":{"rendered":"http:\/\/www.urwshop.net\/forum\/?p=6517"},"modified":"2020-06-24T12:26:05","modified_gmt":"2020-06-24T12:26:05","slug":"rencontre-avec-marc-vella","status":"publish","type":"post","link":"https:\/\/www.urwshop.net\/forum\/2020\/06\/30\/rencontre-avec-marc-vella\/","title":{"rendered":"Rencontre Avec Marc Vella"},"content":{"rendered":"<p>Je r\u00e9alise aussi maintenant ce quest la caravane amoureuse. Je sais que jarrive trop tard pour lHimalaya. Mais qui sait, un d\u00e9sistement, qqn qui aurait encore plus peur que moi ; on ne sait jamais, parfois on arrive en retard mais cest quand m\u00eame le bon moment. Je joins le petit questionnaire. En fait, cest en t\u00e9coutant \u00e0 Fribourg que javais ressenti cet appel. Marie-H\u00e9l\u00e8ne, Michel est tout pr\u00e8s m\u00eame sil se tient loin de lordinateur, il lui pr\u00e9f\u00e8re son jardin, alors je me fais messag\u00e8re : il vous embrasse. Et donc, cette fausse note? Cette ann\u00e9e, Marc Vella il vient de cr\u00e9er l\u00e9cole de la fausse note, sous le parrainage de lacteur Pierre Richard, grand auteur de fausses notes devant l\u00e9ternel. L\u00e9cole est n\u00e9e \u00e0 Gen\u00e8ve, et d\u00e9j\u00e0 dautres ont ouvert ou sont en train douvrir, \u00e0 Bruxelles, Angoul\u00eame, Cancale, Lyon, Paris. Je choisi plut\u00f4t le mode orgue, car les notes durent plus longtemps!! et sont plus chaudes, jepeux mieux les savourer,les entendre, et les comprendre. On obtient des harmonies dans fin, c est le chemin pour l instant que je prends. <img decoding=\"async\" src=\"http:\/\/static.webshopapp.com\/shops\/039401\/files\/177611705\/ngk-bougies-ngk-pour-honda-cb1100-2012.jpg\" alt=\"rencontre avec marc vella\" align=\"left\"> Un stage dans lequel vous apprendrez \u00e0 vous lib\u00e9rer de vos peurs et de vos croyances limitantes. En tr\u00e8s peu de temps, des personnes nayant jamais fait de musique pourront improviser au piano. Et les musiciens professionnels y trouveront un chemin vers une plus grande libert\u00e9 dexpression. Je le ressorts de temps en temps de ma boite \u00e0 souvenir, il me donne de l \u00e9nergie. Voil\u00e0 un \u00e9chantillon des retours que jai pu avoir apr\u00e8s ton passage.  Bonjour Marc. Je me souviens de ma premi\u00e8re fois seule avec Toi lors de FestiPiano! Jai eu tr\u00e8s peur de la premi\u00e8re note&#8230;trop forte! Autant dire que ces moments sont tr\u00e8s pr\u00e9cieux pour un papa Concert-conf\u00e9rence anim\u00e9 par Marc Vella, Pianiste nomade  Non, je nai pas encore r\u00e9serv\u00e9, mais je vais le faire. Des textes ont nourri la r\u00e9flexion des \u00e9l\u00e8ves comme Le coupeur deau de Marguerite Duras et Le Discours de Victor Hugo sur la mis\u00e8re \u00e0 lAssembl\u00e9e nationale. Ils en ont aussi \u00e9crits et se sont \u00e9galement exprim\u00e9s sous forme de dessins. Ces productions ont servi de base pour un dialogue entre Marc Vella, son piano et les \u00e9l\u00e8ves du lyc\u00e9e. Quelques \u00e9l\u00e8ves accompagnaient Marc Vella le lendemain, au centre social Saint Eloi et \u00e0 la clinique psychiatrique Sainte Marie \u00e0 Rodez. Merci monsieur Vella! J ai pleur\u00e9 et ri ri et pleur\u00e9 en vous \u00e9coutant avec mes tripes et par cons\u00e9quent mon esprit! Parmi le brouhaha, jai improvis\u00e9, j\u00e9tais bien. Puis un homme est venu \u00e9couter et est reparti. Puis un enfant denviron 10 ans est arriv\u00e9 et je lui ai propos\u00e9 de jouer \u00e0 4 mains! Il a accept\u00e9 ma proposition tout content. Il navait jamais jou\u00e9 et c\u00e9tait chouette. Il me regardait souvent pour avoir mon avis et moi je le rassurais par des super, ouais.. Apr\u00e8s il ma demand\u00e9 de jouer seul au piano. Il a un peu jou\u00e9, os\u00e9 et je lui ai montr\u00e9 le rapport de quinte.. \u00c7a fera peut-\u00eatre son chemin.. Ou pas! De tous temps, jai \u00e9t\u00e9 convaincue de la beaut\u00e9 de l\u00eatre humain. Une conviction profonde que cet \u00eatre magnifique peut tout sil ose se donner et sil sait recevoir. Une conscience aussi de ses fragilit\u00e9s et de ses forces. Jai toujours regard\u00e9 cet autre avec tendresse et bienveillance, consciente que chacun fait ce quil peut de mieux pour avancer, ressentir, vivre, se d\u00e9ployer, \u00eatre libre. Cet apr\u00e8s-midi, jai mis ces trois morceaux de ton CD pour la premi\u00e8re partie dun de mes cours. T\u00e9moignage de fran\u00e7oise P Mars 2018-Retour de stageJe ne suis pas encore adepte des catastrophes Bonjour Merci pour ce bon moment. Enfin jentends quelquun qui partage mon sentiment sur les \u00e9crit de Georges Bataille. Je me sens moins seule, merci. T\u00e9moignage de Aymeric M Janvier 2019-Retour de lecture Mathilde a grandi dans la nature normande et corse et veut la prot\u00e9ger. A 25 ans, dipl\u00f4m\u00e9e en politiques publiques, sp\u00e9cialis\u00e9e en gestion de lenvironnement, elle conna\u00eet les enjeux et a d\u00e9j\u00e0 particip\u00e9 \u00e0 des projets de protection des for\u00eats en Inde et au N\u00e9pal ; elle a anim\u00e9 des d\u00e9bats sur des sujets actuels proches de ceux de T2A. Elle veut aujourdhui \u00e9veiller les consciences \u00e0 la sauvegarde des oc\u00e9ans et de leur biodiversit\u00e9, autre poumon de la plan\u00e8te. Passionn\u00e9e de voyages, elle sillonne d\u00e9but 2019 la Patagonie \u00e0 pied, puis le reste de lAm\u00e9rique latine. Mathilde apportera \u00e0 bord sa connaissance de la r\u00e9gion et sa bonne volont\u00e9. <img decoding=\"async\" src=\"http:\/\/www.linternaute.com\/voyage\/interview\/marc-vella\/piano-des-sables2.jpg\" alt=\"rencontre avec marc vella\" align=\"center\"> Saint-Denis, Saint-Pierre, Saint-Paul.. Le Journal de l\u00eele disponibles en PDF, avec pour les abonn\u00e9s \u00e0 la Formule Num\u00e9rique la possibilit\u00e9 de t\u00e9l\u00e9charger votre journal d\u00e8s 5h.  Necessary cookies are absolutely essential for the website to function properly. This category only includes cookies that ensures basic functionalities and security features of the website. These cookies do not store any personal information. <img decoding=\"async\" src=\"http:\/\/www.richardfedermann.com\/wp-content\/uploads\/2014\/09\/GetInline-2-450x300.jpg\" alt=\"rencontre avec marc vella\" align=\"left\">.<\/p>\n","protected":false},"excerpt":{"rendered":"<p>rencontre avec marc vella<\/p>\n","protected":false},"author":1,"featured_media":0,"comment_status":"closed","ping_status":"closed","sticky":false,"template":"","format":"standard","meta":{"zakra_page_container_layout":"customizer","zakra_page_sidebar_layout":"customizer","zakra_remove_content_margin":false,"zakra_sidebar":"customizer","zakra_transparent_header":"customizer","zakra_logo":0,"zakra_main_header_style":"default","zakra_menu_item_color":"","zakra_menu_item_hover_color":"","zakra_menu_item_active_color":"","zakra_menu_active_style":"","zakra_page_header":true,"footnotes":""},"categories":[1],"tags":[],"_links":{"self":[{"href":"https:\/\/www.urwshop.net\/forum\/wp-json\/wp\/v2\/posts\/6517"}],"collection":[{"href":"https:\/\/www.urwshop.net\/forum\/wp-json\/wp\/v2\/posts"}],"about":[{"href":"https:\/\/www.urwshop.net\/forum\/wp-json\/wp\/v2\/types\/post"}],"author":[{"embeddable":true,"href":"https:\/\/www.urwshop.net\/forum\/wp-json\/wp\/v2\/users\/1"}],"replies":[{"embeddable":true,"href":"https:\/\/www.urwshop.net\/forum\/wp-json\/wp\/v2\/comments?post=6517"}],"version-history":[{"count":1,"href":"https:\/\/www.urwshop.net\/forum\/wp-json\/wp\/v2\/posts\/6517\/revisions"}],"predecessor-version":[{"id":6518,"href":"https:\/\/www.urwshop.net\/forum\/wp-json\/wp\/v2\/posts\/6517\/revisions\/6518"}],"wp:attachment":[{"href":"https:\/\/www.urwshop.net\/forum\/wp-json\/wp\/v2\/media?parent=6517"}],"wp:term":[{"taxonomy":"category","embeddable":true,"href":"https:\/\/www.urwshop.net\/forum\/wp-json\/wp\/v2\/categories?post=6517"},{"taxonomy":"post_tag","embeddable":true,"href":"https:\/\/www.urwshop.net\/forum\/wp-json\/wp\/v2\/tags?post=6517"}],"curies":[{"name":"wp","href":"https:\/\/api.w.org\/{rel}","templated":true}]}}