{"id":6531,"date":"2020-06-30T13:37:14","date_gmt":"2020-06-30T13:37:14","guid":{"rendered":"http:\/\/www.urwshop.net\/forum\/?p=6531"},"modified":"2020-06-24T12:43:01","modified_gmt":"2020-06-24T12:43:01","slug":"rencontres-internationales-de-luthiers-et-maitres-sonneurs","status":"publish","type":"post","link":"https:\/\/www.urwshop.net\/forum\/2020\/06\/30\/rencontres-internationales-de-luthiers-et-maitres-sonneurs\/","title":{"rendered":"Rencontres Internationales De Luthiers Et Ma\u00eetres Sonneurs"},"content":{"rendered":"<p>La randonn\u00e9e allant de Lourouer-Saint-Laurent au Ch\u00e2teau dArs lui aussi sur cette commune, la prairie o\u00f9 il sarr\u00eate ne peut-\u00eatre que sur la commune de Lourouer-Saint-Laurent Rencontres Internationales De Luthiers Et Ma\u00eetres Sonneurs 2013 par Sylvie Hamon il y a 3 jours Derniers liens ajout\u00e9s LE rendez-vous incontournable des petits et des grands.. Lid\u00e9e est daccueillir sereinement les gens sur ce beau site, pas de gonfler \u00e0 outrance les infrastructures, mais travailler pr\u00e9cis\u00e9ment sur lagencement du lieu. Nous avons une installation qui est la m\u00eame depuis le d\u00e9part. On va la faire \u00e9voluer mais toujours en la maitrisant, pour recevoir au mieux plus de festivaliers. En 2018 une grande nouveaut\u00e9 surtout pour notre gestion et la fluidit\u00e9, nous avons Investi dans une billetterie informatis\u00e9e. La billetterie manuelle \u00e9tait devenue ing\u00e9rable.  Launched in 1976, during the George Sand centenary, over the years the Festival has become the essential rendezvous for instrument makers and fans of traditional music and dance. Rencontres Internationales de luthiers et Ma\u00eetres Sonneurs Chambres dh\u00f4tes et table dh\u00f4tes sur la commune dUrciers  Festival de Musiques et Danses Traditionnelles du Monde ; dans un cadre inattendu, le parc du ch\u00e2teau dArs style Renaissance, ce festival atypique propose, en partenarait avec le Conseil g\u00e9n\u00e9ral de lIndre, un salon de lutherie, des concerts, des bals et des animations, du 11 au 14 juillet 2013 ouverture le jeudi 11 juillet en soir\u00e9e. Vous avez une info, une actualit\u00e9 ou m\u00eame une rumeur sur ce festival? Rencontres internationales de luthiers et ma\u00eetres sonneurs au ch\u00e2teau dArs du 15 au 18 juillet 2010. Les belles vielleuses, exposition au Mus\u00e9e George Sand de La Ch\u00e2tre Vous b\u00e9n\u00e9ficiez dun droit dacc\u00e8s et de rectification de vos donn\u00e9es personnelles, ainsi que celui den demander leffacement dans les limites pr\u00e9vues par la loi. Un label qui soutient les savoir-faire dexcellence nrco.contentDetailController.content.status pending? En attente de validation : Le festival entame sa 38\u00e8me \u00e9dition.Un rendez-vous fran\u00e7ais, europ\u00e9en et international pour qui tourne la manivelle dune vielle \u00e0 roue, gratte un mandole, ou larchet dun violon rustique, tape sur un bodhrun irlandais ou une darbouka.Ici vous ferez vos achats.. Rendez vous pour les danseurs qui toute la nuit guincheront sur les bals planchers..  <img decoding=\"async\" src=\"http:\/\/farm5.static.flickr.com\/4102\/4818243337_64c431c0f8.jpg\" alt=\"rencontres internationales de luthiers et ma\u00eetres sonneurs\" align=\"right\"> Peu de subventions pour la musique, aucune pour le salon des luthiers qui devrait avoir pourtant une v\u00e9ritable attention de l\u00e9tat, bien quil ny ai pas de minist\u00e8re de lartisanat! Mais Madame Delphine G\u00e9ny-Stephann qui semble en charge de ce secteur : Savez vous que nous poss\u00e9dons une fantastique lutherie? Que des hommes et des femmes con\u00e7oivent des instruments de musique originaux et dune qualit\u00e9 remarquable? Non? Alors osez venir au son continu 2019. Je suis certain que l\u00e9quipe organisatrice vous accueillera avec plaisir. Ce serait la m\u00eame chose pour notre Ministre de la Culture Madame Fran\u00e7oise Nyssen qui comme chaque ann\u00e9e, comme les pr\u00e9c\u00e9dents r\u00e9sidents, tous \u00e0 court terme, de la rue de Valois, fera son passage oblig\u00e9 au festival dAvignon. Faut que \u00e7a brille et que lon soit vu! Nos repr\u00e9sentants vont l\u00e0 ou ils mettent beaucoup dargent et l\u00e0 ou va la presse et comme je le disais plus haut cette m\u00eame presse va ou sont les peoples. En parlant de presse chaque ann\u00e9e les espaces consacr\u00e9s aux musiques, toutes les musiques mais surtout les non officiels diminuent. Et comme dit la sagesse africaine Quand les gros maigrissent les maigres meurent! Mais malgr\u00e9 cela les musiques traditionnelles se d\u00e9veloppent alors imaginons si elles avaient un v\u00e9ritable coup de pouce financier et surtout une belle politique de d\u00e9veloppement sp\u00e9cifique! <img decoding=\"async\" src=\"http:\/\/www.crmtl.fr\/wp-content\/uploads\/2016\/02\/444605_2bbd89267e09450bb3b6e126952f5afe.jpeg\" alt=\"rencontres internationales de luthiers et ma\u00eetres sonneurs\" align=\"center\"> <img decoding=\"async\" src=\"http:\/\/www.le-petit-berrichon.com\/wp-content\/uploads\/Vallee-noire-capitale-des-luthiers-leg-1-220x162.jpg\" alt=\"rencontres internationales de luthiers et ma\u00eetres sonneurs\" align=\"center\"> Le Comit\u00e9 George Sand, le lyc\u00e9e George Sand de La Ch\u00e2tre et le GRETA de lIndre ont mis en place en 2004 une formation compl\u00e9mentaire \u00e0 la lutherie au sein du lyc\u00e9e George Sand de La Ch\u00e2tre.<\/p>\n","protected":false},"excerpt":{"rendered":"<p>rencontres internationales de luthiers et ma\u00eetres sonneurs<\/p>\n","protected":false},"author":1,"featured_media":0,"comment_status":"closed","ping_status":"closed","sticky":false,"template":"","format":"standard","meta":{"zakra_page_container_layout":"customizer","zakra_page_sidebar_layout":"customizer","zakra_remove_content_margin":false,"zakra_sidebar":"customizer","zakra_transparent_header":"customizer","zakra_logo":0,"zakra_main_header_style":"default","zakra_menu_item_color":"","zakra_menu_item_hover_color":"","zakra_menu_item_active_color":"","zakra_menu_active_style":"","zakra_page_header":true,"footnotes":""},"categories":[1],"tags":[],"_links":{"self":[{"href":"https:\/\/www.urwshop.net\/forum\/wp-json\/wp\/v2\/posts\/6531"}],"collection":[{"href":"https:\/\/www.urwshop.net\/forum\/wp-json\/wp\/v2\/posts"}],"about":[{"href":"https:\/\/www.urwshop.net\/forum\/wp-json\/wp\/v2\/types\/post"}],"author":[{"embeddable":true,"href":"https:\/\/www.urwshop.net\/forum\/wp-json\/wp\/v2\/users\/1"}],"replies":[{"embeddable":true,"href":"https:\/\/www.urwshop.net\/forum\/wp-json\/wp\/v2\/comments?post=6531"}],"version-history":[{"count":1,"href":"https:\/\/www.urwshop.net\/forum\/wp-json\/wp\/v2\/posts\/6531\/revisions"}],"predecessor-version":[{"id":6532,"href":"https:\/\/www.urwshop.net\/forum\/wp-json\/wp\/v2\/posts\/6531\/revisions\/6532"}],"wp:attachment":[{"href":"https:\/\/www.urwshop.net\/forum\/wp-json\/wp\/v2\/media?parent=6531"}],"wp:term":[{"taxonomy":"category","embeddable":true,"href":"https:\/\/www.urwshop.net\/forum\/wp-json\/wp\/v2\/categories?post=6531"},{"taxonomy":"post_tag","embeddable":true,"href":"https:\/\/www.urwshop.net\/forum\/wp-json\/wp\/v2\/tags?post=6531"}],"curies":[{"name":"wp","href":"https:\/\/api.w.org\/{rel}","templated":true}]}}